{"id":61701,"date":"2023-07-26T16:48:43","date_gmt":"2023-07-26T19:48:43","guid":{"rendered":"https:\/\/www.todoeldia.com\/?p=61701"},"modified":"2023-07-26T16:48:45","modified_gmt":"2023-07-26T19:48:45","slug":"vendra-a-salta-sergio-massa-inicia-una-gira-federal-para-reforzar-la-campana-con-gobernadores-aliados","status":"publish","type":"post","link":"https:\/\/www.todoeldia.com\/index.php\/2023\/07\/26\/vendra-a-salta-sergio-massa-inicia-una-gira-federal-para-reforzar-la-campana-con-gobernadores-aliados\/","title":{"rendered":"\u00bfVendr\u00e1 a Salta? Sergio Massa inicia una gira federal para reforzar la campa\u00f1a con gobernadores aliados"},"content":{"rendered":"\n<p>El precandidato a presidente por Uni\u00f3n por la Patria viajar\u00e1 a San Juan, La Rioja y Tucum\u00e1n. Insistir\u00e1 en polarizar con la oposici\u00f3n. Estar\u00e1 acompa\u00f1ado por Agust\u00edn Rossi y Wado de Pedro.<\/p>\n\n\n\n<p>A poco m\u00e1s de dos semanas para las PASO, el precandidato a presidente por Uni\u00f3n por la Patria, Sergio Massa, visitar\u00e1 varias provincias del pa\u00eds en tono electoral. Con el objetivo de reforzar la campa\u00f1a y ganar aliados en el interior, el actual ministro de Econom\u00eda visitar\u00e1 San Juan, La Rioja y Tucum\u00e1n junto al jefe de Gabinete, Agust\u00edn Rossi y el ministro del Interior, Eduardo \u201cWado\u201d de Pedro.<\/p>\n\n\n\n<figure class=\"wp-block-image size-full is-resized\"><img loading=\"lazy\" decoding=\"async\" src=\"https:\/\/www.todoeldia.com\/wp-content\/uploads\/2022\/07\/massa-saenz.jpg\" alt=\"\" class=\"wp-image-42846\" width=\"1066\" height=\"623\"\/><\/figure>\n\n\n\n<p>El objetivo de la gira federal es mostrar \u201cunidad pol\u00edtica\u201d dentro del espacio y es fundamental a esta altura de la campa\u00f1a para Massa consolidar el respaldo de los gobernadores. Adem\u00e1s, se insistir\u00e1 en la polarizaci\u00f3n contra la oposici\u00f3n.<\/p>\n\n\n\n<p>\u201cDefender el futuro de la Patria ante dos caminos en juego: el de avanzar, el de la Argentina de la producci\u00f3n, el trabajo, el crecimiento con inclusi\u00f3n, el valor agregado a las exportaciones y el desarrollo amigable con el ambiente. El otro es el de retroceder a la Argentina de la represi\u00f3n, el endeudamiento y la especulaci\u00f3n\u201d, indican fuentes del oficialismo.<\/p>\n\n\n\n<figure class=\"wp-block-image size-large\"><img loading=\"lazy\" decoding=\"async\" width=\"1024\" height=\"683\" src=\"https:\/\/www.todoeldia.com\/wp-content\/uploads\/2023\/07\/image-197-1024x683.png\" alt=\"\" class=\"wp-image-61702\" srcset=\"https:\/\/www.todoeldia.com\/wp-content\/uploads\/2023\/07\/image-197-1024x683.png 1024w, https:\/\/www.todoeldia.com\/wp-content\/uploads\/2023\/07\/image-197-300x200.png 300w, https:\/\/www.todoeldia.com\/wp-content\/uploads\/2023\/07\/image-197-768x512.png 768w, https:\/\/www.todoeldia.com\/wp-content\/uploads\/2023\/07\/image-197-696x464.png 696w, https:\/\/www.todoeldia.com\/wp-content\/uploads\/2023\/07\/image-197-1068x712.png 1068w, https:\/\/www.todoeldia.com\/wp-content\/uploads\/2023\/07\/image-197-630x420.png 630w, https:\/\/www.todoeldia.com\/wp-content\/uploads\/2023\/07\/image-197.png 1440w\" sizes=\"auto, (max-width: 1024px) 100vw, 1024px\" \/><\/figure>\n\n\n\n<p>El jueves 27 Massa llegar\u00e1 a la noche a San Juan. Visitar\u00e1 la casa de Gobierno y cenar\u00e1 con autoridades y referentes provinciales. El viernes a la ma\u00f1ana, comenzar\u00e1 su agenda junto al gobernador Sergio U\u00f1ac, precandidato a senador nacional de Vamos San Juan. Visitar\u00e1n juntos algunas obras emblem\u00e1ticas de la provincia.<\/p>\n\n\n\n<p>A las 12.30 Massa estar\u00e1 en La Rioja y habr\u00e1 un acto en la sede del gremio de la Uni\u00f3n del Personal Civil de la Naci\u00f3n con los 15 intendentes y la totalidad de los diputados electos, adem\u00e1s de los concejales, presidentes de juntas, militancia, vecinos y vecinas.<\/p>\n\n\n\n<p>Por la tarde, a las 15, se espera al precandidato en el Superdomo de La Rioja, un estadio para 13 mil personas donde tambi\u00e9n lo secundar\u00e1n el jefe de Gabinete, Agust\u00edn Rossi, su compa\u00f1ero de f\u00f3rmula y tambi\u00e9n el gobernador Ricardo Quintela, quien fue reelecto hasta 2027 con m\u00e1s del 50% de los votos en las elecciones desdobladas que se realizaron el 7 de mayo pasado.<\/p>\n\n\n\n<p>El s\u00e1bado 29 el titular de la cartera econ\u00f3mica recorrer\u00e1 varias obras en la provincia de Tucum\u00e1n y cerrar\u00e1 con un acto antes de regresar a Buenos Aires.<\/p>\n","protected":false},"excerpt":{"rendered":"<p>El precandidato a presidente por Uni\u00f3n por la Patria viajar\u00e1 a San Juan, La Rioja y Tucum\u00e1n. Insistir\u00e1 en polarizar con la oposici\u00f3n. Estar\u00e1 acompa\u00f1ado por Agust\u00edn Rossi y Wado de Pedro. A poco m\u00e1s de dos semanas para las PASO, el precandidato a presidente por Uni\u00f3n por la Patria, Sergio Massa, visitar\u00e1 varias provincias [&hellip;]<\/p>\n","protected":false},"author":2,"featured_media":61703,"comment_status":"open","ping_status":"open","sticky":false,"template":"","format":"standard","meta":{"tdm_status":"","tdm_grid_status":"","_joinchat":[],"footnotes":""},"categories":[59],"tags":[],"class_list":{"0":"post-61701","1":"post","2":"type-post","3":"status-publish","4":"format-standard","5":"has-post-thumbnail","7":"category-politica"},"amp_enabled":true,"_links":{"self":[{"href":"https:\/\/www.todoeldia.com\/index.php\/wp-json\/wp\/v2\/posts\/61701","targetHints":{"allow":["GET"]}}],"collection":[{"href":"https:\/\/www.todoeldia.com\/index.php\/wp-json\/wp\/v2\/posts"}],"about":[{"href":"https:\/\/www.todoeldia.com\/index.php\/wp-json\/wp\/v2\/types\/post"}],"author":[{"embeddable":true,"href":"https:\/\/www.todoeldia.com\/index.php\/wp-json\/wp\/v2\/users\/2"}],"replies":[{"embeddable":true,"href":"https:\/\/www.todoeldia.com\/index.php\/wp-json\/wp\/v2\/comments?post=61701"}],"version-history":[{"count":1,"href":"https:\/\/www.todoeldia.com\/index.php\/wp-json\/wp\/v2\/posts\/61701\/revisions"}],"predecessor-version":[{"id":61704,"href":"https:\/\/www.todoeldia.com\/index.php\/wp-json\/wp\/v2\/posts\/61701\/revisions\/61704"}],"wp:featuredmedia":[{"embeddable":true,"href":"https:\/\/www.todoeldia.com\/index.php\/wp-json\/wp\/v2\/media\/61703"}],"wp:attachment":[{"href":"https:\/\/www.todoeldia.com\/index.php\/wp-json\/wp\/v2\/media?parent=61701"}],"wp:term":[{"taxonomy":"category","embeddable":true,"href":"https:\/\/www.todoeldia.com\/index.php\/wp-json\/wp\/v2\/categories?post=61701"},{"taxonomy":"post_tag","embeddable":true,"href":"https:\/\/www.todoeldia.com\/index.php\/wp-json\/wp\/v2\/tags?post=61701"}],"curies":[{"name":"wp","href":"https:\/\/api.w.org\/{rel}","templated":true}]}}