{"id":61705,"date":"2023-07-26T16:55:14","date_gmt":"2023-07-26T19:55:14","guid":{"rendered":"https:\/\/www.todoeldia.com\/?p=61705"},"modified":"2023-07-26T16:55:17","modified_gmt":"2023-07-26T19:55:17","slug":"murio-la-cantante-sinead-oconnor-a-los-56-anos","status":"publish","type":"post","link":"https:\/\/www.todoeldia.com\/index.php\/2023\/07\/26\/murio-la-cantante-sinead-oconnor-a-los-56-anos\/","title":{"rendered":"Muri\u00f3 la cantante Sinead O\u2019Connor a los 56 a\u00f1os"},"content":{"rendered":"\n<p>Seg\u00fan informaron los medios brit\u00e1nicos, la artista irlandesa falleci\u00f3 este mi\u00e9rcoles, pocos meses despu\u00e9s del tr\u00e1gico final de su hijo.<\/p>\n\n\n\n<p>Seg\u00fan informaron varios medios brit\u00e1nicos, Sinead O\u2019Connor muri\u00f3 este mi\u00e9rcoles, a los 56 a\u00f1os, despu\u00e9s de batallar durante a\u00f1os con problemas en su salud mental. La cantante irlandesa salt\u00f3 a la fama mundial gracias a su versi\u00f3n de \u201cNothing Compares 2 U\u201d, de Prince.<\/p>\n\n\n\n<p>La noticia fue confirmada por su familia en un sentido comunicado: \u201cEs con gran tristeza que anunciamos el fallecimiento de nuestra amada Sinead. Su familia y amigos estamos devastados. Solicitamos privacidad en este momento tan dif\u00edcil\u201d.<\/p>\n\n\n\n<figure class=\"wp-block-image size-large\"><img loading=\"lazy\" decoding=\"async\" width=\"1024\" height=\"576\" src=\"https:\/\/www.todoeldia.com\/wp-content\/uploads\/2023\/07\/image-198-1024x576.png\" alt=\"\" class=\"wp-image-61707\" srcset=\"https:\/\/www.todoeldia.com\/wp-content\/uploads\/2023\/07\/image-198-1024x576.png 1024w, https:\/\/www.todoeldia.com\/wp-content\/uploads\/2023\/07\/image-198-300x169.png 300w, https:\/\/www.todoeldia.com\/wp-content\/uploads\/2023\/07\/image-198-768x432.png 768w, https:\/\/www.todoeldia.com\/wp-content\/uploads\/2023\/07\/image-198-696x392.png 696w, https:\/\/www.todoeldia.com\/wp-content\/uploads\/2023\/07\/image-198-1068x601.png 1068w, https:\/\/www.todoeldia.com\/wp-content\/uploads\/2023\/07\/image-198-747x420.png 747w, https:\/\/www.todoeldia.com\/wp-content\/uploads\/2023\/07\/image-198.png 1440w\" sizes=\"auto, (max-width: 1024px) 100vw, 1024px\" \/><\/figure>\n\n\n\n<p><strong>Sinead O\u2019Connor alarm\u00f3 a sus seguidores en Facebook tras un dram\u00e1tico video.<\/strong><\/p>\n\n\n\n<p>La triste noticia llega a pocos meses de que Shane, uno de los cuatro hijos de la artista, se quitara la vida en enero de 2022. El joven de 17 a\u00f1os se suicid\u00f3 despu\u00e9s de escapar del hospital en el que se encontraba bajo vigilancia.<\/p>\n\n\n\n<p>Durante el \u00faltimo tiempo, Sinead, quien en 2018 cambi\u00f3 su nombre a Shuhada\u2019 Sadaqat para convertirse al Islam, pasaba sus d\u00edas entre Irlanda y Londres. La muerte de su hijo agrav\u00f3 la salud mental de la artista que hab\u00eda sido diagnosticada con trastorno bipolar en 2003. En varias ocasiones O\u2019Connor hab\u00eda amenazado p\u00fablicamente con quitarse la vida.<\/p>\n\n\n\n<p>Por el momento se desconocen los motivos de la muerte de la cantante.<\/p>\n","protected":false},"excerpt":{"rendered":"<p>Seg\u00fan informaron los medios brit\u00e1nicos, la artista irlandesa falleci\u00f3 este mi\u00e9rcoles, pocos meses despu\u00e9s del tr\u00e1gico final de su hijo. Seg\u00fan informaron varios medios brit\u00e1nicos, Sinead O\u2019Connor muri\u00f3 este mi\u00e9rcoles, a los 56 a\u00f1os, despu\u00e9s de batallar durante a\u00f1os con problemas en su salud mental. La cantante irlandesa salt\u00f3 a la fama mundial gracias a [&hellip;]<\/p>\n","protected":false},"author":2,"featured_media":61706,"comment_status":"open","ping_status":"open","sticky":false,"template":"","format":"standard","meta":{"tdm_status":"","tdm_grid_status":"","_joinchat":[],"footnotes":""},"categories":[120],"tags":[],"class_list":{"0":"post-61705","1":"post","2":"type-post","3":"status-publish","4":"format-standard","5":"has-post-thumbnail","7":"category-espectaculos-2"},"amp_enabled":true,"_links":{"self":[{"href":"https:\/\/www.todoeldia.com\/index.php\/wp-json\/wp\/v2\/posts\/61705","targetHints":{"allow":["GET"]}}],"collection":[{"href":"https:\/\/www.todoeldia.com\/index.php\/wp-json\/wp\/v2\/posts"}],"about":[{"href":"https:\/\/www.todoeldia.com\/index.php\/wp-json\/wp\/v2\/types\/post"}],"author":[{"embeddable":true,"href":"https:\/\/www.todoeldia.com\/index.php\/wp-json\/wp\/v2\/users\/2"}],"replies":[{"embeddable":true,"href":"https:\/\/www.todoeldia.com\/index.php\/wp-json\/wp\/v2\/comments?post=61705"}],"version-history":[{"count":1,"href":"https:\/\/www.todoeldia.com\/index.php\/wp-json\/wp\/v2\/posts\/61705\/revisions"}],"predecessor-version":[{"id":61708,"href":"https:\/\/www.todoeldia.com\/index.php\/wp-json\/wp\/v2\/posts\/61705\/revisions\/61708"}],"wp:featuredmedia":[{"embeddable":true,"href":"https:\/\/www.todoeldia.com\/index.php\/wp-json\/wp\/v2\/media\/61706"}],"wp:attachment":[{"href":"https:\/\/www.todoeldia.com\/index.php\/wp-json\/wp\/v2\/media?parent=61705"}],"wp:term":[{"taxonomy":"category","embeddable":true,"href":"https:\/\/www.todoeldia.com\/index.php\/wp-json\/wp\/v2\/categories?post=61705"},{"taxonomy":"post_tag","embeddable":true,"href":"https:\/\/www.todoeldia.com\/index.php\/wp-json\/wp\/v2\/tags?post=61705"}],"curies":[{"name":"wp","href":"https:\/\/api.w.org\/{rel}","templated":true}]}}