{"id":61709,"date":"2023-07-26T22:31:34","date_gmt":"2023-07-27T01:31:34","guid":{"rendered":"https:\/\/www.todoeldia.com\/?p=61709"},"modified":"2023-07-26T22:31:39","modified_gmt":"2023-07-27T01:31:39","slug":"tras-ocho-anos-profugo-capturaron-en-bolivia-a-tito-franklin-escobar-ayllon-el-taxista-acusado-de-violar-a-una-joven-de-20-anos","status":"publish","type":"post","link":"https:\/\/www.todoeldia.com\/index.php\/2023\/07\/26\/tras-ocho-anos-profugo-capturaron-en-bolivia-a-tito-franklin-escobar-ayllon-el-taxista-acusado-de-violar-a-una-joven-de-20-anos\/","title":{"rendered":"Tras ocho a\u00f1os pr\u00f3fugo, capturaron en Bolivia a Tito Franklin Escobar Ayll\u00f3n, el taxista acusado de violar a una joven de 20 a\u00f1os"},"content":{"rendered":"\n<p>Atac\u00f3 a una pasajera que se qued\u00f3 dormida en el asiento trasero del coche que manejaba en 2015. Lo encontraron en la ciudad de El Alto y llega al pa\u00eds este jueves a la madrugada.<\/p>\n\n\n\n<p>Personal del \u00e1rea Departamento contra el Crimen Organizado de la Polic\u00eda Federal (PFA) recolectar\u00e1 en el Aeropuerto Internacional de Ezeiza este jueves a la madrugada a uno de los pr\u00f3fugos m\u00e1s elusivos de la historia criminal argentina reciente. Se trata de Tito Franklin Escobar Ayll\u00f3n, el taxista que en 2015 viol\u00f3 a una joven en el barrio porte\u00f1o de Palermo y luego escap\u00f3 para pasar en la clandestinidad m\u00e1s de ocho a\u00f1os.<\/p>\n\n\n\n<p>Ayll\u00f3n, por quien pesaba una recompensa de 5 millones de pesos, fue finalmente capturado por la Polic\u00eda de Bolivia mientras caminaba por la ciudad de El Alto esta semana, tras un trabajo en colaboraci\u00f3n con PFA y Gendarmer\u00eda: entre las tres fuerzas se lleg\u00f3 al dato que permiti\u00f3 su captura. La gesti\u00f3n del caso fue realizada por Mercedes La Gioiosa, secretaria de Seguridad y Pol\u00edtica Criminal. Cay\u00f3 tras encontrarse con su madre.<\/p>\n\n\n\n<figure class=\"wp-block-image size-full is-resized\"><img loading=\"lazy\" decoding=\"async\" src=\"https:\/\/www.todoeldia.com\/wp-content\/uploads\/2023\/07\/image-199.png\" alt=\"\" class=\"wp-image-61711\" width=\"1034\" height=\"610\"\/><\/figure>\n\n\n\n<p><strong>Manuela Ponz, la v\u00edctima, en la presentaci\u00f3n de su libro<\/strong><\/p>\n\n\n\n<p>Ahora, el sospechoso llega a la Argentina para enfrentar el proceso penal por el ataque a Manuela Ponz, quien por entonces ten\u00eda 20 a\u00f1os. Est\u00e1 acusado de abuso sexual agravado.<\/p>\n\n\n\n<p>La mujer fue violada en abril de 2015 por el taxista a bordo del auto marca Chevrolet modelo \u201cSpin\u201d de la empresa \u201cPremium\u201d que manejaba Ayll\u00f3n, despu\u00e9s de haber salido de un bar de la zona de Colegiales. La atac\u00f3 luego de que se quedara dormida en el asiento trasero.<\/p>\n\n\n\n<p>As\u00ed, la Justicia busc\u00f3 a Escobar Ayll\u00f3n, que huy\u00f3 de su vida r\u00e1pidamente. Dej\u00f3 de percibir los beneficios sociales que cobraba en ese entonces, abandon\u00f3 su domicilio en Sarand\u00ed, termin\u00f3 su relaci\u00f3n laboral con un empresario de taxis de la comunidad boliviana al que le manejaba.<\/p>\n\n\n\n<p>Su propia mujer lo se\u00f1al\u00f3. Escobar se convirti\u00f3 en el principal sospechoso luego de que quien era su pareja se presentara en una comisar\u00eda de Sarand\u00ed y asegurara que el taxista le reconoci\u00f3 la violaci\u00f3n. El taxi fue encontrado en Balvanera poco despu\u00e9s, una zona donde Escobar ten\u00eda un domicilio.<\/p>\n\n\n\n<p>Tambi\u00e9n le pusieron un precio a su cabeza. El Ministerio de Justicia lo hizo oficial el 29 de abril de 2015: ofrec\u00edan 500 mil pesos (ocho a\u00f1os despu\u00e9s, la recompensa llegaba 5 millones de pesos). Por ese entonces, la cara de Ayll\u00f3n, con su \u00faltima foto disponible, una instant\u00e1nea de Migraciones tomada meses antes en el Aeropuerto de Ezeiza, comenz\u00f3 a circular en medios y redes sociales. Interpol public\u00f3 en su sitio web la circular roja en su contra con sus datos personales.<\/p>\n\n\n\n<p>La investigaci\u00f3n, comandada por el Juzgado Nacional en lo Criminal y Correccional N\u00b02, a cargo de Manuel Gorostiaga y principalmente abocada al entorno del pr\u00f3fugo, permiti\u00f3 estableces por \u201cdistintos abonados telef\u00f3nicos relacionados a los familiares m\u00e1s directos del sospechoso\u201d que estaba en Bolivia.<\/p>\n\n\n\n<p>De esa manera, se obtuvo que tanto la madre de Ayll\u00f3n como la pareja de la mujer \u201cenviaron en distintos momentos dinero\u201d a una joven de la ciudad El Alto, quien result\u00f3 ser la novia del pr\u00f3fugo.<\/p>\n\n\n\n<p>As\u00ed, con agentes en la zona donde viv\u00eda la nueva pareja de Ayll\u00f3n, comenzaron a seguir a la madre del sospechoso y fue de esa manera que la vieron \u201ctomar contacto con una persona de sexo masculino, con caracter\u00edsticas fison\u00f3micas coincidentes con las del requerido\u201d. Y, entonces, se dio la captura.<\/p>\n","protected":false},"excerpt":{"rendered":"<p>Atac\u00f3 a una pasajera que se qued\u00f3 dormida en el asiento trasero del coche que manejaba en 2015. Lo encontraron en la ciudad de El Alto y llega al pa\u00eds este jueves a la madrugada. Personal del \u00e1rea Departamento contra el Crimen Organizado de la Polic\u00eda Federal (PFA) recolectar\u00e1 en el Aeropuerto Internacional de Ezeiza [&hellip;]<\/p>\n","protected":false},"author":2,"featured_media":61710,"comment_status":"open","ping_status":"open","sticky":false,"template":"","format":"standard","meta":{"tdm_status":"","tdm_grid_status":"","_joinchat":[],"footnotes":""},"categories":[63],"tags":[],"class_list":{"0":"post-61709","1":"post","2":"type-post","3":"status-publish","4":"format-standard","5":"has-post-thumbnail","7":"category-policiales"},"amp_enabled":true,"_links":{"self":[{"href":"https:\/\/www.todoeldia.com\/index.php\/wp-json\/wp\/v2\/posts\/61709","targetHints":{"allow":["GET"]}}],"collection":[{"href":"https:\/\/www.todoeldia.com\/index.php\/wp-json\/wp\/v2\/posts"}],"about":[{"href":"https:\/\/www.todoeldia.com\/index.php\/wp-json\/wp\/v2\/types\/post"}],"author":[{"embeddable":true,"href":"https:\/\/www.todoeldia.com\/index.php\/wp-json\/wp\/v2\/users\/2"}],"replies":[{"embeddable":true,"href":"https:\/\/www.todoeldia.com\/index.php\/wp-json\/wp\/v2\/comments?post=61709"}],"version-history":[{"count":1,"href":"https:\/\/www.todoeldia.com\/index.php\/wp-json\/wp\/v2\/posts\/61709\/revisions"}],"predecessor-version":[{"id":61712,"href":"https:\/\/www.todoeldia.com\/index.php\/wp-json\/wp\/v2\/posts\/61709\/revisions\/61712"}],"wp:featuredmedia":[{"embeddable":true,"href":"https:\/\/www.todoeldia.com\/index.php\/wp-json\/wp\/v2\/media\/61710"}],"wp:attachment":[{"href":"https:\/\/www.todoeldia.com\/index.php\/wp-json\/wp\/v2\/media?parent=61709"}],"wp:term":[{"taxonomy":"category","embeddable":true,"href":"https:\/\/www.todoeldia.com\/index.php\/wp-json\/wp\/v2\/categories?post=61709"},{"taxonomy":"post_tag","embeddable":true,"href":"https:\/\/www.todoeldia.com\/index.php\/wp-json\/wp\/v2\/tags?post=61709"}],"curies":[{"name":"wp","href":"https:\/\/api.w.org\/{rel}","templated":true}]}}