{"id":61713,"date":"2023-07-26T22:38:59","date_gmt":"2023-07-27T01:38:59","guid":{"rendered":"https:\/\/www.todoeldia.com\/?p=61713"},"modified":"2023-07-26T22:39:02","modified_gmt":"2023-07-27T01:39:02","slug":"fueron-a-un-telo-y-acabaron-de-la-peor-manera","status":"publish","type":"post","link":"https:\/\/www.todoeldia.com\/index.php\/2023\/07\/26\/fueron-a-un-telo-y-acabaron-de-la-peor-manera\/","title":{"rendered":"Fueron a un &#8220;telo&#8221; y acabaron de la peor manera"},"content":{"rendered":"\n<p>En circunstancias que son motivo de investigaci\u00f3n, un hombre y una mujer fueron trasladados en c\u00f3digo rojo al hospital San Bernardo, luego de resultar lesionados gravemente en el interior de una habitaci\u00f3n de un \u201ctelo\u201d que funciona en Alberdi al 300 en la zona centro de la ciudad de Salta. La fiscal Poma se hizo presente en el lugar, desde donde imparti\u00f3 las directivas de rigor.<\/p>\n\n\n\n<p>La fiscal Penal de la Unidad de Femicidios, M\u00f3nica Poma, investiga un hecho ocurrido durante la tarde de este mi\u00e9rcoles en un alojamiento de la zona centro de la ciudad, donde en una de las habitaciones de alquiler, una mujer y un hombre resultaron con lesiones grav\u00edsimas y debieron ser trasladados en c\u00f3digo rojo al hospital San Bernardo, donde fueron sometidos a intervenciones quir\u00fargicas.<\/p>\n\n\n\n<p>La Fiscal se hizo presente en el lugar, desde donde coordin\u00f3 las tareas de rigor del personal del Cuerpo de Investigaciones Fiscales y de la Unidad de Investigaci\u00f3n UGAP.<\/p>\n\n\n\n<p>Se dispuso el cumplimiento de numerosas medidas tendientes al esclarecimiento del hecho y se espera la evoluci\u00f3n de ambos involucrados.<\/p>\n\n\n\n<p>A solicitud de la fiscal Poma, el Juzgado de Garant\u00edas en turno, orden\u00f3 la detenci\u00f3n del hombre y la audiencia de imputaci\u00f3n se concretar\u00e1 cuando su estado de salud se lo permita.<\/p>\n","protected":false},"excerpt":{"rendered":"<p>En circunstancias que son motivo de investigaci\u00f3n, un hombre y una mujer fueron trasladados en c\u00f3digo rojo al hospital San Bernardo, luego de resultar lesionados gravemente en el interior de una habitaci\u00f3n de un \u201ctelo\u201d que funciona en Alberdi al 300 en la zona centro de la ciudad de Salta. La fiscal Poma se hizo [&hellip;]<\/p>\n","protected":false},"author":2,"featured_media":32707,"comment_status":"open","ping_status":"open","sticky":false,"template":"","format":"standard","meta":{"tdm_status":"","tdm_grid_status":"","_joinchat":[],"footnotes":""},"categories":[63],"tags":[],"class_list":{"0":"post-61713","1":"post","2":"type-post","3":"status-publish","4":"format-standard","5":"has-post-thumbnail","7":"category-policiales"},"amp_enabled":true,"_links":{"self":[{"href":"https:\/\/www.todoeldia.com\/index.php\/wp-json\/wp\/v2\/posts\/61713","targetHints":{"allow":["GET"]}}],"collection":[{"href":"https:\/\/www.todoeldia.com\/index.php\/wp-json\/wp\/v2\/posts"}],"about":[{"href":"https:\/\/www.todoeldia.com\/index.php\/wp-json\/wp\/v2\/types\/post"}],"author":[{"embeddable":true,"href":"https:\/\/www.todoeldia.com\/index.php\/wp-json\/wp\/v2\/users\/2"}],"replies":[{"embeddable":true,"href":"https:\/\/www.todoeldia.com\/index.php\/wp-json\/wp\/v2\/comments?post=61713"}],"version-history":[{"count":1,"href":"https:\/\/www.todoeldia.com\/index.php\/wp-json\/wp\/v2\/posts\/61713\/revisions"}],"predecessor-version":[{"id":61714,"href":"https:\/\/www.todoeldia.com\/index.php\/wp-json\/wp\/v2\/posts\/61713\/revisions\/61714"}],"wp:featuredmedia":[{"embeddable":true,"href":"https:\/\/www.todoeldia.com\/index.php\/wp-json\/wp\/v2\/media\/32707"}],"wp:attachment":[{"href":"https:\/\/www.todoeldia.com\/index.php\/wp-json\/wp\/v2\/media?parent=61713"}],"wp:term":[{"taxonomy":"category","embeddable":true,"href":"https:\/\/www.todoeldia.com\/index.php\/wp-json\/wp\/v2\/categories?post=61713"},{"taxonomy":"post_tag","embeddable":true,"href":"https:\/\/www.todoeldia.com\/index.php\/wp-json\/wp\/v2\/tags?post=61713"}],"curies":[{"name":"wp","href":"https:\/\/api.w.org\/{rel}","templated":true}]}}