{"id":61790,"date":"2023-07-27T21:08:45","date_gmt":"2023-07-28T00:08:45","guid":{"rendered":"https:\/\/www.todoeldia.com\/?p=61790"},"modified":"2023-07-27T21:08:55","modified_gmt":"2023-07-28T00:08:55","slug":"ira-a-la-carcel-12-anos-por-abusar-sexualmente-de-su-pareja","status":"publish","type":"post","link":"https:\/\/www.todoeldia.com\/index.php\/2023\/07\/27\/ira-a-la-carcel-12-anos-por-abusar-sexualmente-de-su-pareja\/","title":{"rendered":"Ir\u00e1 a la c\u00e1rcel 12 a\u00f1os por abusar sexualmente de su pareja"},"content":{"rendered":"\n<p>El acusado manten\u00eda una relaci\u00f3n de pareja con la v\u00edctima y en junio de 2022, luego de iniciar una discusi\u00f3n, la someti\u00f3 a malos tratos f\u00edsicos, verbales y abus\u00f3 sexualmente de ella de manera reiterada. Tambi\u00e9n caus\u00f3 da\u00f1os en su domicilio.<\/p>\n\n\n\n<p>La fiscal penal de Joaqu\u00edn V. Gonz\u00e1lez, Mar\u00eda Celeste Garc\u00eda Pisacic, represent\u00f3 al Ministerio P\u00fablico Fiscal ante la Sala II del Tribunal de Juicio de ese distrito, en la audiencia de debate contra un hombre de 32 a\u00f1os como autor de los delitos de abuso sexual con acceso carnal (tres hechos) y da\u00f1os en concurso real.<\/p>\n\n\n\n<p>La denuncia fue realizada por una mujer de Las Lajitas, quien mantuvo una relaci\u00f3n de pareja de 6 meses con el acusado. En junio de 2022, \u00e9ste se present\u00f3 en su domicilio y luego de consumir bebidas alcoh\u00f3licas, comenz\u00f3 a insultarla, a golpearla y abus\u00f3 sexualmente de ella en forma reiterada. Tambi\u00e9n caus\u00f3 da\u00f1os en la propiedad.<\/p>\n\n\n\n<p>En el veredicto, el juez Sebasti\u00e1n Fucho le impuso una pena de 12 a\u00f1os de prisi\u00f3n de ejecuci\u00f3n efectiva.<\/p>\n","protected":false},"excerpt":{"rendered":"<p>El acusado manten\u00eda una relaci\u00f3n de pareja con la v\u00edctima y en junio de 2022, luego de iniciar una discusi\u00f3n, la someti\u00f3 a malos tratos f\u00edsicos, verbales y abus\u00f3 sexualmente de ella de manera reiterada. Tambi\u00e9n caus\u00f3 da\u00f1os en su domicilio. La fiscal penal de Joaqu\u00edn V. Gonz\u00e1lez, Mar\u00eda Celeste Garc\u00eda Pisacic, represent\u00f3 al Ministerio [&hellip;]<\/p>\n","protected":false},"author":2,"featured_media":32416,"comment_status":"open","ping_status":"open","sticky":false,"template":"","format":"standard","meta":{"tdm_status":"","tdm_grid_status":"","_joinchat":[],"footnotes":""},"categories":[63],"tags":[],"class_list":{"0":"post-61790","1":"post","2":"type-post","3":"status-publish","4":"format-standard","5":"has-post-thumbnail","7":"category-policiales"},"amp_enabled":true,"_links":{"self":[{"href":"https:\/\/www.todoeldia.com\/index.php\/wp-json\/wp\/v2\/posts\/61790","targetHints":{"allow":["GET"]}}],"collection":[{"href":"https:\/\/www.todoeldia.com\/index.php\/wp-json\/wp\/v2\/posts"}],"about":[{"href":"https:\/\/www.todoeldia.com\/index.php\/wp-json\/wp\/v2\/types\/post"}],"author":[{"embeddable":true,"href":"https:\/\/www.todoeldia.com\/index.php\/wp-json\/wp\/v2\/users\/2"}],"replies":[{"embeddable":true,"href":"https:\/\/www.todoeldia.com\/index.php\/wp-json\/wp\/v2\/comments?post=61790"}],"version-history":[{"count":1,"href":"https:\/\/www.todoeldia.com\/index.php\/wp-json\/wp\/v2\/posts\/61790\/revisions"}],"predecessor-version":[{"id":61791,"href":"https:\/\/www.todoeldia.com\/index.php\/wp-json\/wp\/v2\/posts\/61790\/revisions\/61791"}],"wp:featuredmedia":[{"embeddable":true,"href":"https:\/\/www.todoeldia.com\/index.php\/wp-json\/wp\/v2\/media\/32416"}],"wp:attachment":[{"href":"https:\/\/www.todoeldia.com\/index.php\/wp-json\/wp\/v2\/media?parent=61790"}],"wp:term":[{"taxonomy":"category","embeddable":true,"href":"https:\/\/www.todoeldia.com\/index.php\/wp-json\/wp\/v2\/categories?post=61790"},{"taxonomy":"post_tag","embeddable":true,"href":"https:\/\/www.todoeldia.com\/index.php\/wp-json\/wp\/v2\/tags?post=61790"}],"curies":[{"name":"wp","href":"https:\/\/api.w.org\/{rel}","templated":true}]}}