{"id":61798,"date":"2023-07-28T16:16:50","date_gmt":"2023-07-28T19:16:50","guid":{"rendered":"https:\/\/www.todoeldia.com\/?p=61798"},"modified":"2023-07-28T16:16:53","modified_gmt":"2023-07-28T19:16:53","slug":"vizzotti-lloro-en-salta-en-una-reunion-con-ministros-y-hablo-de-las-visitas-discrecionales-a-internados-durante-la-pandemia-covid-19","status":"publish","type":"post","link":"https:\/\/www.todoeldia.com\/index.php\/2023\/07\/28\/vizzotti-lloro-en-salta-en-una-reunion-con-ministros-y-hablo-de-las-visitas-discrecionales-a-internados-durante-la-pandemia-covid-19\/","title":{"rendered":"Vizzotti llor\u00f3 en Salta en una reuni\u00f3n con ministros y habl\u00f3 de las visitas discrecionales a internados durante la pandemia COVID-19"},"content":{"rendered":"\n<p>La titular de la cartera de Salud encabez\u00f3 en Salta la reuni\u00f3n habitual del COFESA luego de la pol\u00e9mica suscitada por los dichos de una mujer que le agradeci\u00f3 p\u00fablicamente una gesti\u00f3n realizada durante la cuarentena de 2020.<\/p>\n\n\n\n<p>Luego de que la presidenta de la Liga Argentina de Protecci\u00f3n al Diab\u00e9tico, Sylvia Brunoldi, revelara p\u00fablicamente que Carla Vizzotti le hab\u00eda permitido ver a su marido internado por COVID cuando las leyes no lo permit\u00edan, la ministra de Salud habl\u00f3 p\u00fablicamente del caso.<\/p>\n\n\n\n<p>\u201cA la se\u00f1ora se le muri\u00f3 el marido\u201d, justific\u00f3 en di\u00e1logo con Cadena 3. Y luego evit\u00f3 profundizar sobre este caso puntual: \u201cYo no voy a hablar de las personas ni voy a hablar de instituciones porque no voy a entrar en eso de traer ese momento de dolor, personalizarlo y querer generar m\u00e1s\u201d.<\/p>\n\n\n\n<p>\u201cEst\u00e1bamos en un foro de sociedades cient\u00edficas haciendo un estado de gesti\u00f3n. El Estado acompa\u00f1\u00f3 a los familiares, y los protocolos se cambian de manera din\u00e1mica. Que alguien piense que un ministro estaba disfrutando de este momento, se equivoca. Est\u00e1bamos pensando c\u00f3mo se mor\u00eda la menor cantidad de gente posible\u201d, agreg\u00f3 Vizzotti.<\/p>\n\n\n\n<figure class=\"wp-block-embed is-type-video is-provider-youtube wp-block-embed-youtube wp-embed-aspect-16-9 wp-has-aspect-ratio\"><div class=\"wp-block-embed__wrapper\">\n<iframe loading=\"lazy\" title=\"Mandaron al frente a Carla Vizzotti cuando en p\u00fablico le agradecieron otro beneficio VIP en pandemia\" width=\"696\" height=\"392\" src=\"https:\/\/www.youtube.com\/embed\/3ZuvzYUfHy0?feature=oembed\" frameborder=\"0\" allow=\"accelerometer; autoplay; clipboard-write; encrypted-media; gyroscope; picture-in-picture; web-share\" allowfullscreen><\/iframe>\n<\/div><\/figure>\n\n\n\n<p>Durante un encuentro realizado esta semana en el Centro Cultural Kirchner, Brunoldi cont\u00f3 que en agosto de 2020, cuando a\u00fan no se hab\u00eda dictado el decreto que permiti\u00f3 las visitas de acompa\u00f1amiento a familiares que estaban internados en grave estado, una gesti\u00f3n de la entonces Secretaria de Acceso a la Salud le permiti\u00f3 despedirse de su marido, que falleci\u00f3 horas despu\u00e9s.<\/p>\n\n\n\n<p>Cuando Brunoldi perdi\u00f3 a su esposo, a\u00fan faltaba una semana para la publicaci\u00f3n del decreto que relajaba la prohibici\u00f3n de las visitas. Seg\u00fan ella, Vizzotti intervino personalmente para que pudiera visitar a su esposo.<\/p>\n\n\n\n<p>Las declaraciones de Vizzotti de este viernes fueron realizadas en el marco del Consejo Federal de Salud (COFESA), que se reuni\u00f3 en Salta. Seg\u00fan supo Infobae, la funcionaria llor\u00f3 frente los ministros de todo el pa\u00eds durante el encuentro privado.<\/p>\n\n\n\n<p>En el reportaje, defendi\u00f3 su accionar. Dijo que no hubo privilegios y que la difusi\u00f3n del caso busca \u201cgenerar m\u00e1s dolor en la gente que estuvo sufriendo\u201d.<\/p>\n\n\n\n<p>\u201cEl 10 de agosto de 2020 surgi\u00f3 un protocolo de acompa\u00f1amiento a familiares de personas internadas durante la pandemia con recomendaciones, varias provincias lo estaban implementando, en el marco legal que acompa\u00f1\u00f3 a toda la evoluci\u00f3n de la situaci\u00f3n. No hubo ning\u00fan favoritismo\u201d, detall\u00f3 la Ministra.<\/p>\n\n\n\n<p>Adem\u00e1s, argument\u00f3 que \u201cla restricci\u00f3n de las visitas era porque no hab\u00eda equipo de protecci\u00f3n personal en el mundo y se utilizaba para los m\u00e9dicos que estaban prestando cuidado a esos pacientes\u201d.<\/p>\n\n\n\n<p>El enojo del pap\u00e1 del Solange Musse<\/p>\n\n\n\n<p>\u201cSon todos impunes, a impunidad da asco en la Argentina\u201d, sostuvo en Pablo Musse en declaraciones radiales, a quien no le permitieron darle el \u201c\u00faltimo adi\u00f3s\u201d a su hija Solange, enferma de c\u00e1ncer de mama.<\/p>\n\n\n\n<p>Con su hija en estado terminal, Pablo manej\u00f3 m\u00e1s de 1.000 kil\u00f3metros para despedirse de su hija. Parti\u00f3 desde la ciudad de Plottier, en la provincia de Neuqu\u00e9n, hacia Alta Gracia, en el centro de la provincia de C\u00f3rdoba. Pero al llegar al acceso de Huinca Renanc\u00f3, cuatro polic\u00edas detuvieron su marcha y le impidieron el ingreso por un caso sospechoso de coronavirus. \u201cTengo todos los permisos. Tengo el resultado del hisopado, tanto que me rompieron las pelotas con el COVID ese de mierda&#8230; Me lo hice el lunes y me dio negativo. Estos hijos de puta no me dejaron pasar para ver a mi hija. Esto no va a quedar as\u00ed\u201d, aseguraba Pablo por aquel entonces, en di\u00e1logo con Infoae.<\/p>\n\n\n\n<p>Un d\u00eda despu\u00e9s de esta inc\u00f3moda situaci\u00f3n que vivi\u00f3 Pablo, su hija Solange, de 35 a\u00f1os, muri\u00f3 como consecuencia del c\u00e1ncer que ya hab\u00eda hecho met\u00e1stasis en los huesos, en el pulm\u00f3n y en el h\u00edgado. Y debido a las regulaciones vigentes de aquel momento, se despidi\u00f3 sin el afecto de sus amigos y familiares.<\/p>\n\n\n\n<p>\u201c(Sylvia Brunoldi) Ella tuvo la suerte de poder estar con su marido para el \u00faltimo adi\u00f3s. Lamentablemente, ya no sorprende nada. Uno ya sabe c\u00f3mo se maneja el poder. Lo que han hecho en la pandemia es triste y lamentable para la sociedad, porque no pudimos despedirnos de nuestros seres queridos\u201d, sostuvo Pablo.<\/p>\n\n\n\n<p>Y agreg\u00f3: \u201cLo \u00fanico que est\u00e1 claro y duele es que estos hijos de su madre se dieron cuenta de que la gente se estaba muriendo sola y modificaron el decreto unos d\u00edas posteriores al fallecimiento de Sol. No nos sorprende toda la mierda que hicieron\u201d.<\/p>\n\n\n\n<p>Cr\u00edticas de la oposici\u00f3n<\/p>\n\n\n\n<figure class=\"wp-block-image size-full is-resized\"><img loading=\"lazy\" decoding=\"async\" src=\"https:\/\/www.todoeldia.com\/wp-content\/uploads\/2023\/07\/image-211.png\" alt=\"\" class=\"wp-image-61799\" width=\"1036\" height=\"1064\"\/><\/figure>\n\n\n\n<p>N\u00e9stor Grindetti, precandidato a gobernador de la provincia de Buenos Aires, por el sector de Patricia Bullrich, escribi\u00f3 en su cuenta de Twitter que \u201cmientras muchos argentinos mor\u00edan por Covid y sus familiares no pod\u00eda despedir a sus seres queridos, los amigos del poder s\u00ed lo hac\u00edan\u201d, acompa\u00f1ado por una foto de Infobae donde se consignaba la informaci\u00f3n.<\/p>\n\n\n\n<p>Algo similar poste\u00f3 el diputado nacional Cristian Ritondo, jefe de bloque del PRO en la C\u00e1mara Baja: \u201cMientras miles de familias no pudieron despedir a sus seres queridos, ellos autorizaron a sus amigos y militantes a que lo hagan. La patria es el otro, dec\u00edan\u201d.<\/p>\n\n\n\n<p>Paula Oliveto, diputada de la Coalici\u00f3n C\u00edvica, le manifest\u00f3 a este medio que \u201ceste gobierno ha hecho lo peor para un ser humano. Privilegios para vacunarte y conservar la vida y privilegios para que unos pocos puedan despedir a sus seres queridos. Muchos de nosotros los vimos salir por una puerta y no los vimos nunca m\u00e1s. Eso es un dolor muy grande que est\u00e1 en la historia personal y familiar de muchos argentinos. Lo que han hecho no tiene perd\u00f3n de Dios. Y que la Justicia todav\u00eda no lo sancione, tampoco. Esperemos que los argentinos en las urnas al momento de votar recuerden que mientras muchos est\u00e1bamos encerrados, perdi\u00e9ndolo todo, viendo partir a nuestros seres queridos. Por los que no est\u00e1n, por los familiares a los que les duele esto en el coraz\u00f3n, que nunca va a sanar, por todos ellos, memoria y justicia\u201d.<\/p>\n","protected":false},"excerpt":{"rendered":"<p>La titular de la cartera de Salud encabez\u00f3 en Salta la reuni\u00f3n habitual del COFESA luego de la pol\u00e9mica suscitada por los dichos de una mujer que le agradeci\u00f3 p\u00fablicamente una gesti\u00f3n realizada durante la cuarentena de 2020. Luego de que la presidenta de la Liga Argentina de Protecci\u00f3n al Diab\u00e9tico, Sylvia Brunoldi, revelara p\u00fablicamente [&hellip;]<\/p>\n","protected":false},"author":2,"featured_media":20912,"comment_status":"open","ping_status":"open","sticky":false,"template":"","format":"standard","meta":{"tdm_status":"","tdm_grid_status":"","_joinchat":[],"footnotes":""},"categories":[59],"tags":[],"class_list":{"0":"post-61798","1":"post","2":"type-post","3":"status-publish","4":"format-standard","5":"has-post-thumbnail","7":"category-politica"},"amp_enabled":true,"_links":{"self":[{"href":"https:\/\/www.todoeldia.com\/index.php\/wp-json\/wp\/v2\/posts\/61798","targetHints":{"allow":["GET"]}}],"collection":[{"href":"https:\/\/www.todoeldia.com\/index.php\/wp-json\/wp\/v2\/posts"}],"about":[{"href":"https:\/\/www.todoeldia.com\/index.php\/wp-json\/wp\/v2\/types\/post"}],"author":[{"embeddable":true,"href":"https:\/\/www.todoeldia.com\/index.php\/wp-json\/wp\/v2\/users\/2"}],"replies":[{"embeddable":true,"href":"https:\/\/www.todoeldia.com\/index.php\/wp-json\/wp\/v2\/comments?post=61798"}],"version-history":[{"count":1,"href":"https:\/\/www.todoeldia.com\/index.php\/wp-json\/wp\/v2\/posts\/61798\/revisions"}],"predecessor-version":[{"id":61800,"href":"https:\/\/www.todoeldia.com\/index.php\/wp-json\/wp\/v2\/posts\/61798\/revisions\/61800"}],"wp:featuredmedia":[{"embeddable":true,"href":"https:\/\/www.todoeldia.com\/index.php\/wp-json\/wp\/v2\/media\/20912"}],"wp:attachment":[{"href":"https:\/\/www.todoeldia.com\/index.php\/wp-json\/wp\/v2\/media?parent=61798"}],"wp:term":[{"taxonomy":"category","embeddable":true,"href":"https:\/\/www.todoeldia.com\/index.php\/wp-json\/wp\/v2\/categories?post=61798"},{"taxonomy":"post_tag","embeddable":true,"href":"https:\/\/www.todoeldia.com\/index.php\/wp-json\/wp\/v2\/tags?post=61798"}],"curies":[{"name":"wp","href":"https:\/\/api.w.org\/{rel}","templated":true}]}}