{"id":61811,"date":"2023-07-28T17:35:33","date_gmt":"2023-07-28T20:35:33","guid":{"rendered":"https:\/\/www.todoeldia.com\/?p=61811"},"modified":"2023-07-28T17:37:54","modified_gmt":"2023-07-28T20:37:54","slug":"juan-manuel-urtubey-de-su-fallida-candidatura-a-presidente-convertido-ahora-en-ninera","status":"publish","type":"post","link":"https:\/\/www.todoeldia.com\/index.php\/2023\/07\/28\/juan-manuel-urtubey-de-su-fallida-candidatura-a-presidente-convertido-ahora-en-ninera\/","title":{"rendered":"Juan Manuel Urtubey de su fallida candidatura a Presidente convertido ahora en ni\u00f1era"},"content":{"rendered":"\n<p>Luego de a\u00f1os de postergar su carrera actoral, Isabel Macedo decidi\u00f3 jugarse por su deseo y aceptar la propuesta de ser parte del elenco de Margarita, la continuaci\u00f3n de Floricienta. Pero para involucrarse con ese compromiso, la actriz debi\u00f3 mudarse a Uruguay, donde se filmar\u00e1 la ficci\u00f3n.<\/p>\n\n\n\n<p>As\u00ed fue como Isabel Macedo arm\u00f3 las valijas y cruz\u00f3 el R\u00edo de la Plata con su marido Juan Manuel Urtubey y sus hijas Belita y Julia, con quienes vivir\u00e1 los pr\u00f3ximos intensos meses una nueva vida a la que poco a poco se est\u00e1 adaptando, con todo lo que ello implica.&nbsp;<\/p>\n\n\n\n<p>Es que a la emoci\u00f3n del primer momento por la nueva aventura le siguieron las l\u00f3gicas vicisitudes y angustias del enorme cambio que significa haber dejado su rutina armada en su casona de San Lorenzo, Salta, el colegio de su hija mayor y el enfrentarse a una din\u00e1mica llena de novedades que la sorprende d\u00eda a d\u00eda en la capital uruguaya.<\/p>\n\n\n\n<figure class=\"wp-block-image size-full is-resized\"><img loading=\"lazy\" decoding=\"async\" src=\"https:\/\/www.todoeldia.com\/wp-content\/uploads\/2023\/07\/image-216.png\" alt=\"\" class=\"wp-image-61813\" width=\"1027\" height=\"1312\"\/><\/figure>\n\n\n\n<p>Y luego de compartir con sus seguidores las primeras dificultades que se le presentaron, a Isabel le cambi\u00f3 la cara cuando vio lo lindo que qued\u00f3 el departamento en donde se aloja con su familia. Un nuevo hogar lleno de luz y de amplios espacios donde la morocha vivir\u00e1 los pr\u00f3ximos seis meses.<\/p>\n\n\n\n<p>\u201cPero como todo\u2026 el d\u00eda sigue. Y eso\u2026 el d\u00eda sigue y todos nos adaptamos a todo\u201d, expres\u00f3 Macedo en una de sus \u00faltimas publicaciones de Instagram donde mostr\u00f3 algunos detalles de su nueva cotidianidad con sus peque\u00f1as hijas en el pa\u00eds oriental.<\/p>\n\n\n\n<figure class=\"wp-block-image size-full is-resized\"><img loading=\"lazy\" decoding=\"async\" src=\"https:\/\/www.todoeldia.com\/wp-content\/uploads\/2023\/07\/image-217.png\" alt=\"\" class=\"wp-image-61814\" width=\"1032\" height=\"1318\"\/><\/figure>\n\n\n\n<p>Isabel abri\u00f3 las puertas de su nueva casa, seg\u00fan trascendi\u00f3 se tratar\u00eda de un departamento que Urtubey ya ten\u00eda en Uruguay y en donde veranea todos los a\u00f1os. A trav\u00e9s de fotos y videos mostr\u00f3 varios de los detalles de la decoraci\u00f3n, que qued\u00f3 impecable y a su gusto. Living enorme para que las chicas puedan jugar, ventanales, pisos de madera clara y dem\u00e1s muebles del mismo material noble brindan calidez al flamante refugio uruguayo de la ex Floricienta.<\/p>\n\n\n\n<p>A pesar de estar feliz con esta nueva aventura a la que la sigue Juan Manuel Urtubey, Isabel reconoci\u00f3 en los \u00faltimos d\u00edas que el desapego de su hija Belita le est\u00e1 costando m\u00e1s de lo que imaginaba. As\u00ed lo demostr\u00f3 en los \u00faltimos d\u00edas, en un video que su marido grab\u00f3 mientras esperaban en la puerta del jard\u00edn de infantes de la nena.<\/p>\n","protected":false},"excerpt":{"rendered":"<p>Luego de a\u00f1os de postergar su carrera actoral, Isabel Macedo decidi\u00f3 jugarse por su deseo y aceptar la propuesta de ser parte del elenco de Margarita, la continuaci\u00f3n de Floricienta. Pero para involucrarse con ese compromiso, la actriz debi\u00f3 mudarse a Uruguay, donde se filmar\u00e1 la ficci\u00f3n. As\u00ed fue como Isabel Macedo arm\u00f3 las valijas [&hellip;]<\/p>\n","protected":false},"author":2,"featured_media":3795,"comment_status":"open","ping_status":"open","sticky":false,"template":"","format":"standard","meta":{"tdm_status":"","tdm_grid_status":"","_joinchat":[],"footnotes":""},"categories":[73],"tags":[],"class_list":{"0":"post-61811","1":"post","2":"type-post","3":"status-publish","4":"format-standard","5":"has-post-thumbnail","7":"category-noticias-general"},"amp_enabled":true,"_links":{"self":[{"href":"https:\/\/www.todoeldia.com\/index.php\/wp-json\/wp\/v2\/posts\/61811","targetHints":{"allow":["GET"]}}],"collection":[{"href":"https:\/\/www.todoeldia.com\/index.php\/wp-json\/wp\/v2\/posts"}],"about":[{"href":"https:\/\/www.todoeldia.com\/index.php\/wp-json\/wp\/v2\/types\/post"}],"author":[{"embeddable":true,"href":"https:\/\/www.todoeldia.com\/index.php\/wp-json\/wp\/v2\/users\/2"}],"replies":[{"embeddable":true,"href":"https:\/\/www.todoeldia.com\/index.php\/wp-json\/wp\/v2\/comments?post=61811"}],"version-history":[{"count":2,"href":"https:\/\/www.todoeldia.com\/index.php\/wp-json\/wp\/v2\/posts\/61811\/revisions"}],"predecessor-version":[{"id":61816,"href":"https:\/\/www.todoeldia.com\/index.php\/wp-json\/wp\/v2\/posts\/61811\/revisions\/61816"}],"wp:featuredmedia":[{"embeddable":true,"href":"https:\/\/www.todoeldia.com\/index.php\/wp-json\/wp\/v2\/media\/3795"}],"wp:attachment":[{"href":"https:\/\/www.todoeldia.com\/index.php\/wp-json\/wp\/v2\/media?parent=61811"}],"wp:term":[{"taxonomy":"category","embeddable":true,"href":"https:\/\/www.todoeldia.com\/index.php\/wp-json\/wp\/v2\/categories?post=61811"},{"taxonomy":"post_tag","embeddable":true,"href":"https:\/\/www.todoeldia.com\/index.php\/wp-json\/wp\/v2\/tags?post=61811"}],"curies":[{"name":"wp","href":"https:\/\/api.w.org\/{rel}","templated":true}]}}