{"id":62007,"date":"2023-08-01T18:54:51","date_gmt":"2023-08-01T21:54:51","guid":{"rendered":"https:\/\/www.todoeldia.com\/?p=62007"},"modified":"2023-08-01T18:58:52","modified_gmt":"2023-08-01T21:58:52","slug":"amado-boudou-echado-de-su-propio-partido-por-apoyar-a-massa","status":"publish","type":"post","link":"https:\/\/www.todoeldia.com\/index.php\/2023\/08\/01\/amado-boudou-echado-de-su-propio-partido-por-apoyar-a-massa\/","title":{"rendered":"Arde la interna ultra K: Amado Boudou echado de su propio partido por apoyar a Massa"},"content":{"rendered":"\n<p>El ex vicepresidente de la Naci\u00f3n Amado Boudou sali\u00f3 a respaldar al ministro de Econom\u00eda y precandidato presidencial de Uni\u00f3n por la Patria, Sergio Massa, frente a sus negociaciones con el Fondo Monetario Internacional, y termin\u00f3 expulsado de su partido.<\/p>\n\n\n\n<p>As\u00ed lo confirm\u00f3 este martes Alicia Castro, quien a trav\u00e9s de sus redes sociales cuestion\u00f3 al ex vice por su apoyo al funcionario nacional y donde adem\u00e1s ratific\u00f3 su expulsi\u00f3n del espacio &#8220;Soberanos&#8221;.<\/p>\n\n\n\n<p>&#8220;Boudou tendr\u00eda que explicar c\u00f3mo pas\u00f3 de ser el politico+cr\u00edtico de Massa y de su legalizaci\u00f3n del Acuerdo con el FMI al que llam\u00f3 \u201ccontrato de Adhesi\u00f3n\u201d&#8217; a ser su vocero de campa\u00f1a&#8221;, tuite\u00f3 la ex diputada nacional.<\/p>\n\n\n\n<p>Adem\u00e1s, record\u00f3 que el propio Boudou hab\u00eda adelantado que el acuerdo con el FMI &#8220;ser\u00eda inflacionario&#8221;, que &#8220;pulverizar\u00e1 el salario de los trabajadores y jubilados&#8221;, y que el ajuste de Massa &#8220;es peor que el de Mart\u00edn Guzm\u00e1n&#8221;, su antecesor en el Ministerio de Econom\u00eda.<\/p>\n\n\n\n<p>&#8220;Todo est\u00e1 grabado en los encuentros de Soberanos, donde no pertenece m\u00e1s. La incoherencia da\u00f1a a la pol\u00edtica&#8221;, remat\u00f3 en su tuit.<\/p>\n","protected":false},"excerpt":{"rendered":"<p>El ex vicepresidente de la Naci\u00f3n Amado Boudou sali\u00f3 a respaldar al ministro de Econom\u00eda y precandidato presidencial de Uni\u00f3n por la Patria, Sergio Massa, frente a sus negociaciones con el Fondo Monetario Internacional, y termin\u00f3 expulsado de su partido. As\u00ed lo confirm\u00f3 este martes Alicia Castro, quien a trav\u00e9s de sus redes sociales cuestion\u00f3 [&hellip;]<\/p>\n","protected":false},"author":2,"featured_media":23338,"comment_status":"open","ping_status":"open","sticky":false,"template":"","format":"standard","meta":{"tdm_status":"","tdm_grid_status":"","_joinchat":[],"footnotes":""},"categories":[59],"tags":[],"class_list":{"0":"post-62007","1":"post","2":"type-post","3":"status-publish","4":"format-standard","5":"has-post-thumbnail","7":"category-politica"},"amp_enabled":true,"_links":{"self":[{"href":"https:\/\/www.todoeldia.com\/index.php\/wp-json\/wp\/v2\/posts\/62007","targetHints":{"allow":["GET"]}}],"collection":[{"href":"https:\/\/www.todoeldia.com\/index.php\/wp-json\/wp\/v2\/posts"}],"about":[{"href":"https:\/\/www.todoeldia.com\/index.php\/wp-json\/wp\/v2\/types\/post"}],"author":[{"embeddable":true,"href":"https:\/\/www.todoeldia.com\/index.php\/wp-json\/wp\/v2\/users\/2"}],"replies":[{"embeddable":true,"href":"https:\/\/www.todoeldia.com\/index.php\/wp-json\/wp\/v2\/comments?post=62007"}],"version-history":[{"count":2,"href":"https:\/\/www.todoeldia.com\/index.php\/wp-json\/wp\/v2\/posts\/62007\/revisions"}],"predecessor-version":[{"id":62010,"href":"https:\/\/www.todoeldia.com\/index.php\/wp-json\/wp\/v2\/posts\/62007\/revisions\/62010"}],"wp:featuredmedia":[{"embeddable":true,"href":"https:\/\/www.todoeldia.com\/index.php\/wp-json\/wp\/v2\/media\/23338"}],"wp:attachment":[{"href":"https:\/\/www.todoeldia.com\/index.php\/wp-json\/wp\/v2\/media?parent=62007"}],"wp:term":[{"taxonomy":"category","embeddable":true,"href":"https:\/\/www.todoeldia.com\/index.php\/wp-json\/wp\/v2\/categories?post=62007"},{"taxonomy":"post_tag","embeddable":true,"href":"https:\/\/www.todoeldia.com\/index.php\/wp-json\/wp\/v2\/tags?post=62007"}],"curies":[{"name":"wp","href":"https:\/\/api.w.org\/{rel}","templated":true}]}}