{"id":6205,"date":"2020-09-19T19:16:08","date_gmt":"2020-09-19T22:16:08","guid":{"rendered":"https:\/\/www.todoeldia.com\/?p=6205"},"modified":"2020-09-19T19:16:09","modified_gmt":"2020-09-19T22:16:09","slug":"argentina-9-276-contagios-y-143-muertes-en-las-ultimas-24-horas","status":"publish","type":"post","link":"https:\/\/www.todoeldia.com\/index.php\/2020\/09\/19\/argentina-9-276-contagios-y-143-muertes-en-las-ultimas-24-horas\/","title":{"rendered":"Argentina: 9.276 contagios y 143 muertes en las \u00faltimas 24 horas"},"content":{"rendered":"\n<p>Con estos registros, suman 622.934 positivos en el pa\u00eds.<\/p>\n\n\n\n<p>Del total de esos casos, 1.261 (0,2%) son importados, 133.793 (21,5%) son contactos estrechos de casos confirmados, 406.757 (65,3%) son casos de circulaci\u00f3n comunitaria y el resto se encuentra en investigaci\u00f3n epidemiol\u00f3gica.<\/p>\n\n\n\n<p>Desde el \u00faltimo reporte emitido, se notificaron 94 nuevas muertes. Esta ma\u00f1ana se hab\u00edan notificado 49 fallecimientos con lo que hoy la cifra se aumenta a 143. &nbsp;Al momento la cantidad de personas fallecidas es 12.799.<\/p>\n\n\n\n<p>En el informe de esta ma\u00f1ana los fallecimientos fueron:<\/p>\n\n\n\n<p><strong>27 hombres<\/strong><\/p>\n\n\n\n<p>10 residentes en la provincia de Buenos Aires<\/p>\n\n\n\n<p>4 residentes en la Ciudad de Buenos Aires (CABA)<\/p>\n\n\n\n<p>1 residente en la provincia de C\u00f3rdoba<\/p>\n\n\n\n<p>5 residentes en la provincia de Jujuy<\/p>\n\n\n\n<p>1 residente en la provincia de Mendoza<\/p>\n\n\n\n<p>2 residentes en la provincia de Neuqu\u00e9n<\/p>\n\n\n\n<p>1 residente en la provincia de Salta<\/p>\n\n\n\n<p>3 residentes en la provincia de R\u00edo Negro<\/p>\n\n\n\n<p><strong>22 mujeres<\/strong><\/p>\n\n\n\n<p>14 residentes en la provincia de Buenos Aires<\/p>\n\n\n\n<p>1 residente en la provincia de Chaco<\/p>\n\n\n\n<p>3 residentes en la provincia de Jujuy<\/p>\n\n\n\n<p>1 residentes en la provincia de Neuqu\u00e9n<\/p>\n\n\n\n<p>2 residentes en la provincia de R\u00edo Negro<\/p>\n\n\n\n<p>1 residente en la provincia de Tucum\u00e1n<\/p>\n\n\n\n<p>El informe de esta tarde brinda estos fallecimientos<\/p>\n\n\n\n<p><strong>48 hombres.<\/strong><\/p>\n\n\n\n<p>13 residentes en la provincia de Buenos Aires<\/p>\n\n\n\n<p>4 residentes en la Ciudad de Buenos Aires (CABA)<\/p>\n\n\n\n<p>1 residente en la provincia de C\u00f3rdoba<\/p>\n\n\n\n<p>1 residente en la provincia de Entre R\u00edos<\/p>\n\n\n\n<p>5 residentes en la provincia de Corrientes<\/p>\n\n\n\n<p>1 residente en la provincia de Entre R\u00edos<\/p>\n\n\n\n<p>1 residente en la provincia de Mendoza<\/p>\n\n\n\n<p>12 residentes en la provincia de Salta<\/p>\n\n\n\n<p>1 residente en la provincia de San Juan<\/p>\n\n\n\n<p>3 residentes en la provincia de Santa fe<\/p>\n\n\n\n<p>7 residentes en la provincia de Tucum\u00e1n<\/p>\n\n\n\n<p><strong>46 mujeres<\/strong><\/p>\n\n\n\n<p>19 residentes en la provincia de Buenos Aires<\/p>\n\n\n\n<p>2 residentes en la Ciudad de Buenos Aires (CABA)<\/p>\n\n\n\n<p>7 residentes en la provincia de C\u00f3rdoba<\/p>\n\n\n\n<p>2 residentes en la provincia de R\u00edo Negro<\/p>\n\n\n\n<p>8 residentes en la provincia de Salta<\/p>\n\n\n\n<p>1 residente en la provincia de Santa Fe<\/p>\n\n\n\n<p>1 residente en la provincia de Santiago del Estero<\/p>\n\n\n\n<p>6 residentes en la provincia de Tucum\u00e1n<\/p>\n\n\n\n<p>Monitoreo de internados y camas UTI<\/p>\n\n\n\n<p>Casos confirmados COVID-19 internados en UTI: 3.213<\/p>\n\n\n\n<p>Porcentaje ocupaci\u00f3n total de camas UTI adulto:<\/p>\n\n\n\n<p>&#8211; Naci\u00f3n: 59,8%<\/p>\n\n\n\n<p>&#8211; AMBA: 66,1%<\/p>\n\n\n\n<p>Detalle por provincia (N\u00ba de confirmados | N\u00ba de acumulados)*:<\/p>\n\n\n\n<p>&#8211; Buenos Aires 3.877 | 364.635<\/p>\n\n\n\n<p>&#8211; Ciudad de Buenos Aires 683 | 116.578<\/p>\n\n\n\n<p>&#8211; Catamarca 7 | 190<\/p>\n\n\n\n<p>&#8211; Chaco 132 | 7.345<\/p>\n\n\n\n<p>&#8211; Chubut 81 | 2.181<\/p>\n\n\n\n<p>&#8211; C\u00f3rdoba 751 | 18.608<\/p>\n\n\n\n<p>&#8211; Corrientes 37 | 940<\/p>\n\n\n\n<p>&#8211; Entre R\u00edos 149 | 6.104<\/p>\n\n\n\n<p>&#8211; Formosa 9 | 101<\/p>\n\n\n\n<p>&#8211; Jujuy 295 | 13.895<\/p>\n\n\n\n<p>&#8211; La Pampa 13 | 547<\/p>\n\n\n\n<p>&#8211; La Rioja 86 | 3.490<\/p>\n\n\n\n<p>&#8211; Mendoza 673 | 18.260<\/p>\n\n\n\n<p>&#8211; Misiones 1 | 69<\/p>\n\n\n\n<p>&#8211; Neuqu\u00e9n 141 | 5.857<\/p>\n\n\n\n<p>&#8211; R\u00edo Negro 245 | 10.214<\/p>\n\n\n\n<p>&#8211; Salta 438 | 8.929<\/p>\n\n\n\n<p>&#8211; San Juan 1 | 464<\/p>\n\n\n\n<p>&#8211; San Luis 24 | 672<\/p>\n\n\n\n<p>&#8211; Santa Cruz 195 | 3.664<\/p>\n\n\n\n<p>&#8211; Santa Fe 1.137 | 25.518<\/p>\n\n\n\n<p>&#8211; Santiago del Estero 56 | 2.302<\/p>\n\n\n\n<p>&#8211; Tierra del Fuego** 98 | 3.118<\/p>\n\n\n\n<p>&#8211; Tucum\u00e1n 147 | 9.253<\/p>\n","protected":false},"excerpt":{"rendered":"<p>Con estos registros, suman 622.934 positivos en el pa\u00eds. Del total de esos casos, 1.261 (0,2%) son importados, 133.793 (21,5%) son contactos estrechos de casos confirmados, 406.757 (65,3%) son casos de circulaci\u00f3n comunitaria y el resto se encuentra en investigaci\u00f3n epidemiol\u00f3gica. Desde el \u00faltimo reporte emitido, se notificaron 94 nuevas muertes. Esta ma\u00f1ana se hab\u00edan [&hellip;]<\/p>\n","protected":false},"author":2,"featured_media":6211,"comment_status":"open","ping_status":"open","sticky":false,"template":"","format":"standard","meta":{"tdm_status":"","tdm_grid_status":"","_joinchat":[],"footnotes":""},"categories":[65],"tags":[],"class_list":{"0":"post-6205","1":"post","2":"type-post","3":"status-publish","4":"format-standard","5":"has-post-thumbnail","7":"category-coronavirus"},"amp_enabled":true,"_links":{"self":[{"href":"https:\/\/www.todoeldia.com\/index.php\/wp-json\/wp\/v2\/posts\/6205","targetHints":{"allow":["GET"]}}],"collection":[{"href":"https:\/\/www.todoeldia.com\/index.php\/wp-json\/wp\/v2\/posts"}],"about":[{"href":"https:\/\/www.todoeldia.com\/index.php\/wp-json\/wp\/v2\/types\/post"}],"author":[{"embeddable":true,"href":"https:\/\/www.todoeldia.com\/index.php\/wp-json\/wp\/v2\/users\/2"}],"replies":[{"embeddable":true,"href":"https:\/\/www.todoeldia.com\/index.php\/wp-json\/wp\/v2\/comments?post=6205"}],"version-history":[{"count":1,"href":"https:\/\/www.todoeldia.com\/index.php\/wp-json\/wp\/v2\/posts\/6205\/revisions"}],"predecessor-version":[{"id":6212,"href":"https:\/\/www.todoeldia.com\/index.php\/wp-json\/wp\/v2\/posts\/6205\/revisions\/6212"}],"wp:featuredmedia":[{"embeddable":true,"href":"https:\/\/www.todoeldia.com\/index.php\/wp-json\/wp\/v2\/media\/6211"}],"wp:attachment":[{"href":"https:\/\/www.todoeldia.com\/index.php\/wp-json\/wp\/v2\/media?parent=6205"}],"wp:term":[{"taxonomy":"category","embeddable":true,"href":"https:\/\/www.todoeldia.com\/index.php\/wp-json\/wp\/v2\/categories?post=6205"},{"taxonomy":"post_tag","embeddable":true,"href":"https:\/\/www.todoeldia.com\/index.php\/wp-json\/wp\/v2\/tags?post=6205"}],"curies":[{"name":"wp","href":"https:\/\/api.w.org\/{rel}","templated":true}]}}