{"id":62081,"date":"2023-08-02T15:49:48","date_gmt":"2023-08-02T18:49:48","guid":{"rendered":"https:\/\/www.todoeldia.com\/?p=62081"},"modified":"2023-08-02T15:49:51","modified_gmt":"2023-08-02T18:49:51","slug":"los-tiempos-de-la-justicia-que-no-llega-otra-vez-se-suspendio-el-juicio-contra-los-hermanos-castedo","status":"publish","type":"post","link":"https:\/\/www.todoeldia.com\/index.php\/2023\/08\/02\/los-tiempos-de-la-justicia-que-no-llega-otra-vez-se-suspendio-el-juicio-contra-los-hermanos-castedo\/","title":{"rendered":"\u00a1Los tiempos de la justicia que no llega! Otra vez se suspendi\u00f3 el juicio contra los hermanos Castedo"},"content":{"rendered":"\n<p>Los jueces de la Sala I del Tribunal de Juicio de Or\u00e1n, Edgardo Laurenci (presidente), Ra\u00fal Fernando L\u00f3pez y Claudio Alejandro Parisi (vocales), resolvieron suspender la audiencia debate en contra de los hermanos Delf\u00edn Reynaldo Castedo y Ra\u00fal Amadeo \u201cHula\u201d Castedo, acusados por el homicidio de Liliana Ledesma ocurrido en la localidad de Salvador Mazza en el a\u00f1o 2006.<\/p>\n\n\n\n<p>Para ello tuvieron en cuenta que se encuentra pendiente de resoluci\u00f3n un recurso de queja planteado por la defensa de los acusados ante la Corte de Justicia de Salta.<\/p>\n\n\n\n<p>Como se recordar\u00e1, en 2010 la ex C\u00e1mara en lo Criminal de San Ram\u00f3n de la Nueva Or\u00e1n hab\u00eda condenado por el mismo hecho a Mar\u00eda Gabriela Aparicio, An\u00edbal T\u00e1rraga, Lino Ademar Moreno y Casimiro Torres, a quienes les impusieron la pena de prisi\u00f3n perpetua. En tanto Patricia Guerra fue condenada a la pena de diez a\u00f1os de prisi\u00f3n Juan Moreno recibi\u00f3 la pena de cuatro a\u00f1os de prisi\u00f3n efectiva.<\/p>\n\n\n\n<p>En tanto, los hermanos Castedo contin\u00faan detenidos en el Servicio Penitenciario Federal de Ezeiza, donde se encuentran alojados a disposici\u00f3n conjunta del Juzgado Federal de Or\u00e1n y de la justicia provincial.<\/p>\n","protected":false},"excerpt":{"rendered":"<p>Los jueces de la Sala I del Tribunal de Juicio de Or\u00e1n, Edgardo Laurenci (presidente), Ra\u00fal Fernando L\u00f3pez y Claudio Alejandro Parisi (vocales), resolvieron suspender la audiencia debate en contra de los hermanos Delf\u00edn Reynaldo Castedo y Ra\u00fal Amadeo \u201cHula\u201d Castedo, acusados por el homicidio de Liliana Ledesma ocurrido en la localidad de Salvador Mazza [&hellip;]<\/p>\n","protected":false},"author":2,"featured_media":22612,"comment_status":"open","ping_status":"open","sticky":false,"template":"","format":"standard","meta":{"tdm_status":"","tdm_grid_status":"","_joinchat":[],"footnotes":""},"categories":[63],"tags":[],"class_list":{"0":"post-62081","1":"post","2":"type-post","3":"status-publish","4":"format-standard","5":"has-post-thumbnail","7":"category-policiales"},"amp_enabled":true,"_links":{"self":[{"href":"https:\/\/www.todoeldia.com\/index.php\/wp-json\/wp\/v2\/posts\/62081","targetHints":{"allow":["GET"]}}],"collection":[{"href":"https:\/\/www.todoeldia.com\/index.php\/wp-json\/wp\/v2\/posts"}],"about":[{"href":"https:\/\/www.todoeldia.com\/index.php\/wp-json\/wp\/v2\/types\/post"}],"author":[{"embeddable":true,"href":"https:\/\/www.todoeldia.com\/index.php\/wp-json\/wp\/v2\/users\/2"}],"replies":[{"embeddable":true,"href":"https:\/\/www.todoeldia.com\/index.php\/wp-json\/wp\/v2\/comments?post=62081"}],"version-history":[{"count":1,"href":"https:\/\/www.todoeldia.com\/index.php\/wp-json\/wp\/v2\/posts\/62081\/revisions"}],"predecessor-version":[{"id":62082,"href":"https:\/\/www.todoeldia.com\/index.php\/wp-json\/wp\/v2\/posts\/62081\/revisions\/62082"}],"wp:featuredmedia":[{"embeddable":true,"href":"https:\/\/www.todoeldia.com\/index.php\/wp-json\/wp\/v2\/media\/22612"}],"wp:attachment":[{"href":"https:\/\/www.todoeldia.com\/index.php\/wp-json\/wp\/v2\/media?parent=62081"}],"wp:term":[{"taxonomy":"category","embeddable":true,"href":"https:\/\/www.todoeldia.com\/index.php\/wp-json\/wp\/v2\/categories?post=62081"},{"taxonomy":"post_tag","embeddable":true,"href":"https:\/\/www.todoeldia.com\/index.php\/wp-json\/wp\/v2\/tags?post=62081"}],"curies":[{"name":"wp","href":"https:\/\/api.w.org\/{rel}","templated":true}]}}