{"id":62097,"date":"2023-08-02T16:22:08","date_gmt":"2023-08-02T19:22:08","guid":{"rendered":"https:\/\/www.todoeldia.com\/?p=62097"},"modified":"2023-08-02T16:22:52","modified_gmt":"2023-08-02T19:22:52","slug":"esta-re-loco-el-impactante-momento-en-el-que-un-hombre-ataco-con-una-cuchilla-a-un-grupo-de-nenes-por-jugar-al-ring-raje","status":"publish","type":"post","link":"https:\/\/www.todoeldia.com\/index.php\/2023\/08\/02\/esta-re-loco-el-impactante-momento-en-el-que-un-hombre-ataco-con-una-cuchilla-a-un-grupo-de-nenes-por-jugar-al-ring-raje\/","title":{"rendered":"El impactante momento en el que un hombre atac\u00f3 con una cuchilla a un grupo de nenes por jugar al \u201cring raje\u201d"},"content":{"rendered":"\n<p>El agresor se acerc\u00f3 a los menores cuando estaban jugando en una plaza de Valent\u00edn Alsina. Las v\u00edctimas tienen 12 a\u00f1os y los vecinos encontraron el arma en la calle.<\/p>\n\n\n\n<p>Un hombre atac\u00f3 con una cuchilla a un grupo de nenes en una plaza de la localidad bonaerense de Valent\u00edn Alsina, partido de Lan\u00fas. El impactante momento qued\u00f3 registrado por las c\u00e1maras de seguridad de un vecino.<\/p>\n\n\n\n<p>El video, de no m\u00e1s de 30 segundos, muestra como un hombre -aparentemente mayor- se acerc\u00f3 a un grupo de j\u00f3venes que estaban sentados en uno de los bancos de la plaza. Casi sin mediar palabra, agarr\u00f3 a uno por la espalda y lo empez\u00f3 a tironear del buzo.<\/p>\n\n\n\n<p><\/p>\n\n\n\n<figure class=\"wp-block-embed is-type-video is-provider-youtube wp-block-embed-youtube wp-embed-aspect-16-9 wp-has-aspect-ratio\"><div class=\"wp-block-embed__wrapper\">\n<iframe loading=\"lazy\" title=\"Amenaz\u00f3 a menores con una cuchilla; se enoj\u00f3 por un &quot;ring raje&quot;\" width=\"696\" height=\"392\" src=\"https:\/\/www.youtube.com\/embed\/aeHb2qyzmdk?feature=oembed\" frameborder=\"0\" allow=\"accelerometer; autoplay; clipboard-write; encrypted-media; gyroscope; picture-in-picture; web-share\" allowfullscreen><\/iframe>\n<\/div><\/figure>\n\n\n\n<p>Luego de agarrarse, lo empuj\u00f3 contra el banco y el menor cay\u00f3 al piso. La ca\u00edda produjo que la v\u00edctima pudiera soltarse y ni bien escap\u00f3 de las manos del agresor sali\u00f3 corriendo para el centro de la plaza ante la atenta mirada de sus amigos.<\/p>\n\n\n\n<p>La agresi\u00f3n no termin\u00f3 ah\u00ed, porque el hombre intent\u00f3 atacar al resto de los nenes que estaban en la plaza. Pero el ataque ya no fue a los empujones, sino que el video lo muestra manipulando una cuchilla contra los adolescentes.<\/p>\n\n\n\n<p>Unos minutos despu\u00e9s, otro video muestra al agresor caminando por una de las calles del barrio de Valent\u00edn Alsina en busca de los adolescentes. A los pocos minutos encontraron el arma con la que amedrent\u00f3 a los chicos, se trataba de una cuchilla de gran tama\u00f1o.<\/p>\n\n\n\n<p>Los vecinos hicieron la denuncia en la comisar\u00eda de Valent\u00edn Alsina y el hombre habr\u00eda argumentado que su ataque se debi\u00f3 a que los j\u00f3venes estar\u00edan haciendo \u201cring raje\u201d por la zona y que, cansado de las molestias, decidi\u00f3 atacarlos.<\/p>\n\n\n\n<p>\u201cHay una persona mayor en Valent\u00edn Alsina que anda con un cuchillo amenazando a los chicos. El domingo 30, exactamente en la calesita de la plaza de la iglesia, violent\u00f3 a un menor por causas desconocidas y lo amenaz\u00f3 con un cuchillo que despu\u00e9s fue encontrado en la calle cuando testigos corrieron a buscarlos\u201d, denunci\u00f3 una mujer en un grupo de Facebook.<\/p>\n\n\n\n<p>Los vecinos explicaron que, afortunadamente, no hubo ning\u00fan adolescente herido y detallaron que el hombre se habr\u00eda encerrado en su casa luego de intentar atacar a los j\u00f3venes.<\/p>\n","protected":false},"excerpt":{"rendered":"<p>El agresor se acerc\u00f3 a los menores cuando estaban jugando en una plaza de Valent\u00edn Alsina. Las v\u00edctimas tienen 12 a\u00f1os y los vecinos encontraron el arma en la calle. Un hombre atac\u00f3 con una cuchilla a un grupo de nenes en una plaza de la localidad bonaerense de Valent\u00edn Alsina, partido de Lan\u00fas. El [&hellip;]<\/p>\n","protected":false},"author":2,"featured_media":62098,"comment_status":"open","ping_status":"open","sticky":false,"template":"","format":"standard","meta":{"tdm_status":"","tdm_grid_status":"","_joinchat":[],"footnotes":""},"categories":[63],"tags":[],"class_list":{"0":"post-62097","1":"post","2":"type-post","3":"status-publish","4":"format-standard","5":"has-post-thumbnail","7":"category-policiales"},"amp_enabled":true,"_links":{"self":[{"href":"https:\/\/www.todoeldia.com\/index.php\/wp-json\/wp\/v2\/posts\/62097","targetHints":{"allow":["GET"]}}],"collection":[{"href":"https:\/\/www.todoeldia.com\/index.php\/wp-json\/wp\/v2\/posts"}],"about":[{"href":"https:\/\/www.todoeldia.com\/index.php\/wp-json\/wp\/v2\/types\/post"}],"author":[{"embeddable":true,"href":"https:\/\/www.todoeldia.com\/index.php\/wp-json\/wp\/v2\/users\/2"}],"replies":[{"embeddable":true,"href":"https:\/\/www.todoeldia.com\/index.php\/wp-json\/wp\/v2\/comments?post=62097"}],"version-history":[{"count":2,"href":"https:\/\/www.todoeldia.com\/index.php\/wp-json\/wp\/v2\/posts\/62097\/revisions"}],"predecessor-version":[{"id":62101,"href":"https:\/\/www.todoeldia.com\/index.php\/wp-json\/wp\/v2\/posts\/62097\/revisions\/62101"}],"wp:featuredmedia":[{"embeddable":true,"href":"https:\/\/www.todoeldia.com\/index.php\/wp-json\/wp\/v2\/media\/62098"}],"wp:attachment":[{"href":"https:\/\/www.todoeldia.com\/index.php\/wp-json\/wp\/v2\/media?parent=62097"}],"wp:term":[{"taxonomy":"category","embeddable":true,"href":"https:\/\/www.todoeldia.com\/index.php\/wp-json\/wp\/v2\/categories?post=62097"},{"taxonomy":"post_tag","embeddable":true,"href":"https:\/\/www.todoeldia.com\/index.php\/wp-json\/wp\/v2\/tags?post=62097"}],"curies":[{"name":"wp","href":"https:\/\/api.w.org\/{rel}","templated":true}]}}