{"id":62102,"date":"2023-08-02T16:33:34","date_gmt":"2023-08-02T19:33:34","guid":{"rendered":"https:\/\/www.todoeldia.com\/?p=62102"},"modified":"2023-08-02T16:33:36","modified_gmt":"2023-08-02T19:33:36","slug":"la-suba-del-precio-de-la-carne-incrementa-la-inflacion-de-agosto-y-recalienta-a-la-gente-con-massa-y-cristina","status":"publish","type":"post","link":"https:\/\/www.todoeldia.com\/index.php\/2023\/08\/02\/la-suba-del-precio-de-la-carne-incrementa-la-inflacion-de-agosto-y-recalienta-a-la-gente-con-massa-y-cristina\/","title":{"rendered":"La suba del precio de la carne incrementa la inflaci\u00f3n de agosto y recalienta a la gente con Massa y Cristina"},"content":{"rendered":"\n<p>Las consultoras macroecon\u00f3micas ya comenzaron a reordenar sus proyecciones. Para julio estiman que el IPC rondar\u00e1 el 7,5% y podr\u00eda ser mayor en el octavo mes del a\u00f1o. El impacto de las \u00faltimas medidas del Gobierno.<\/p>\n\n\n\n<p>La suba de la carne tom\u00f3 a varios por sorpresa. Lo que se esperaba para octubre por falta de oferta finalmente lleg\u00f3 anticipadamente y por un efecto colateral: entre el aumento del blue y la implementaci\u00f3n del \u201cd\u00f3lar ma\u00edz\u201d, el asado aument\u00f3 en promedio un 25% y pas\u00f3 de $2.00 a $2.500 en las carnicer\u00edas. Este factor les sumar\u00e1 m\u00e1s presi\u00f3n a los \u00edndices de inflaci\u00f3n previstos para este mes y complicar\u00e1 a\u00fan m\u00e1s los planes del Gobierno en los meses m\u00e1s calientes del escenario electoral.<\/p>\n\n\n\n<figure class=\"wp-block-image size-large\"><img loading=\"lazy\" decoding=\"async\" width=\"1024\" height=\"668\" src=\"https:\/\/www.todoeldia.com\/wp-content\/uploads\/2020\/12\/carne-para-todos-2-asado-1024x668.jpg\" alt=\"\" class=\"wp-image-13070\" srcset=\"https:\/\/www.todoeldia.com\/wp-content\/uploads\/2020\/12\/carne-para-todos-2-asado-1024x668.jpg 1024w, https:\/\/www.todoeldia.com\/wp-content\/uploads\/2020\/12\/carne-para-todos-2-asado-300x196.jpg 300w, https:\/\/www.todoeldia.com\/wp-content\/uploads\/2020\/12\/carne-para-todos-2-asado-768x501.jpg 768w, https:\/\/www.todoeldia.com\/wp-content\/uploads\/2020\/12\/carne-para-todos-2-asado-696x454.jpg 696w, https:\/\/www.todoeldia.com\/wp-content\/uploads\/2020\/12\/carne-para-todos-2-asado-1068x696.jpg 1068w, https:\/\/www.todoeldia.com\/wp-content\/uploads\/2020\/12\/carne-para-todos-2-asado-644x420.jpg 644w, https:\/\/www.todoeldia.com\/wp-content\/uploads\/2020\/12\/carne-para-todos-2-asado.jpg 1400w\" sizes=\"auto, (max-width: 1024px) 100vw, 1024px\" \/><\/figure>\n\n\n\n<p><strong>Asado para &#8220;Todos&#8221;<\/strong><\/p>\n\n\n\n<p>El problema para proyectar la inflaci\u00f3n es que este mes no solo entrar\u00e1 la suba de la carne en el \u00edndice, sino que habr\u00e1 que ver qu\u00e9 sucede con el d\u00f3lar tras las elecciones primarias. \u201cLo de la carne es grave y va a tener un arrastre bastante fuerte: puede ser complicado agosto\u201d.<\/p>\n\n\n\n<p><\/p>\n\n\n\n<p>Para agosto hay al menos nueve aumentos confirmados -entre los que se encuentran transporte, alquileres, prepagas y colegios- que presionar\u00e1n sobre el bolsillo de los argentinos y que complican la intenci\u00f3n del Gobierno de frenar la escalada de precios.<\/p>\n\n\n\n<p>Las consultoras macroecon\u00f3micas ya comenzaron a reordenar sus proyecciones. Con julio ya cerrado y un promedio aproximado del 7% entre todas las firmas, el octavo mes del a\u00f1o ya se piensa por arriba de ese porcentaje por el peso que tiene la carne en la canasta alimentaria de los hogares.<\/p>\n\n\n\n<p>El \u00edndice correspondiente a julio lo publicar\u00e1 el INDEC el pr\u00f3ximo 15 de agosto -dos d\u00edas despu\u00e9s de las PASO- y los analistas estiman que se ubicar\u00e1 por encima del 7%, por lo que se revertir\u00e1 la desaceleraci\u00f3n de los \u00faltimos meses, que lleg\u00f3 al 6% en junio.<\/p>\n\n\n\n<p>Las \u00faltimas medidas del Gobierno no ayudan a bajar los precios.<\/p>\n","protected":false},"excerpt":{"rendered":"<p>Las consultoras macroecon\u00f3micas ya comenzaron a reordenar sus proyecciones. Para julio estiman que el IPC rondar\u00e1 el 7,5% y podr\u00eda ser mayor en el octavo mes del a\u00f1o. El impacto de las \u00faltimas medidas del Gobierno. La suba de la carne tom\u00f3 a varios por sorpresa. Lo que se esperaba para octubre por falta de [&hellip;]<\/p>\n","protected":false},"author":2,"featured_media":62103,"comment_status":"open","ping_status":"open","sticky":false,"template":"","format":"standard","meta":{"tdm_status":"","tdm_grid_status":"","_joinchat":[],"footnotes":""},"categories":[60],"tags":[],"class_list":{"0":"post-62102","1":"post","2":"type-post","3":"status-publish","4":"format-standard","5":"has-post-thumbnail","7":"category-economia"},"amp_enabled":true,"_links":{"self":[{"href":"https:\/\/www.todoeldia.com\/index.php\/wp-json\/wp\/v2\/posts\/62102","targetHints":{"allow":["GET"]}}],"collection":[{"href":"https:\/\/www.todoeldia.com\/index.php\/wp-json\/wp\/v2\/posts"}],"about":[{"href":"https:\/\/www.todoeldia.com\/index.php\/wp-json\/wp\/v2\/types\/post"}],"author":[{"embeddable":true,"href":"https:\/\/www.todoeldia.com\/index.php\/wp-json\/wp\/v2\/users\/2"}],"replies":[{"embeddable":true,"href":"https:\/\/www.todoeldia.com\/index.php\/wp-json\/wp\/v2\/comments?post=62102"}],"version-history":[{"count":1,"href":"https:\/\/www.todoeldia.com\/index.php\/wp-json\/wp\/v2\/posts\/62102\/revisions"}],"predecessor-version":[{"id":62104,"href":"https:\/\/www.todoeldia.com\/index.php\/wp-json\/wp\/v2\/posts\/62102\/revisions\/62104"}],"wp:featuredmedia":[{"embeddable":true,"href":"https:\/\/www.todoeldia.com\/index.php\/wp-json\/wp\/v2\/media\/62103"}],"wp:attachment":[{"href":"https:\/\/www.todoeldia.com\/index.php\/wp-json\/wp\/v2\/media?parent=62102"}],"wp:term":[{"taxonomy":"category","embeddable":true,"href":"https:\/\/www.todoeldia.com\/index.php\/wp-json\/wp\/v2\/categories?post=62102"},{"taxonomy":"post_tag","embeddable":true,"href":"https:\/\/www.todoeldia.com\/index.php\/wp-json\/wp\/v2\/tags?post=62102"}],"curies":[{"name":"wp","href":"https:\/\/api.w.org\/{rel}","templated":true}]}}