{"id":62112,"date":"2023-08-02T16:59:11","date_gmt":"2023-08-02T19:59:11","guid":{"rendered":"https:\/\/www.todoeldia.com\/?p=62112"},"modified":"2023-08-02T16:59:13","modified_gmt":"2023-08-02T19:59:13","slug":"fuerte-critica-de-mauricio-macri-a-vidal-por-el-apoyo-a-larreta-ha-desdibujado-su-perfil","status":"publish","type":"post","link":"https:\/\/www.todoeldia.com\/index.php\/2023\/08\/02\/fuerte-critica-de-mauricio-macri-a-vidal-por-el-apoyo-a-larreta-ha-desdibujado-su-perfil\/","title":{"rendered":"Fuerte cr\u00edtica de Mauricio Macri a Vidal por el apoyo a Larreta: \u201cHa desdibujado su perfil\u201d"},"content":{"rendered":"\n<p>El ex presidente se refiri\u00f3 a la decisi\u00f3n de la diputada nacional de tomar partido por uno de los precandidatos de Juntos por el Cambio: \u201cTiene raz\u00f3n Ritondo en estar desilusionado. Lo mejor en la vida es hacer lo que uno dice\u201d.<\/p>\n\n\n\n<p>La decisi\u00f3n de Mar\u00eda Eugenia Vidal de apoyar a Horacio Rodr\u00edguez Larreta en la interna de Juntos por el Cambio sacudi\u00f3 definitivamente la paz en la coalici\u00f3n opositora a once d\u00edas de las PASO presidenciales. Primero fue Cristina Ritondo, precandidato a diputado nacional y hombre de confianza de la ex gobernadora, quien critic\u00f3 la postura de la dirigente del PRO, pero ahora el conflicto escal\u00f3 ya que Mauricio Macri, fundador del partido, apunt\u00f3 en muy duros t\u00e9rminos contra quien supo ser una de sus personas m\u00e1s cercanas pol\u00edticamente.<\/p>\n\n\n\n<p>\u201cNo lo veo como una sorpresa, dada la relaci\u00f3n de tanto tiempo que tienen Larreta y Vidal, que se apoyen rec\u00edprocamente. Pero tambi\u00e9n lo escuch\u00e9 a Ritondo. Tiene raz\u00f3n en estar desilusionado. Lo mejor en la vida es hacer lo que uno dice. Y, lamentablemente, siento que Mar\u00eda Eugenia, ha tomado varias decisiones sucesivas en las cuales ha desdibujado su perfil\u201d, expres\u00f3 el ex presidente durante una recorrida en San Nicol\u00e1s.<\/p>\n\n\n\n<p>En la ma\u00f1ana de este mi\u00e9rcoles, vale recordar, Vidal hab\u00eda se\u00f1alado en relaci\u00f3n a su respaldo a la precandidatura de Larreta dentro de la interna de Juntos por el Cambio: \u201cFaltando pocos d\u00edas para las PASO y con la convicci\u00f3n de que el 14 de agosto vamos a estar todos juntos, unidos, quiero contarles que, en las pr\u00f3ximas elecciones, voy a votar por Horacio\u201d. Estas palabras fueron las que ahora generaron la r\u00e9plica por parte del referente de JxC.<\/p>\n\n\n\n<p>En di\u00e1logo con la prensa nicole\u00f1a, el ex Presidente agreg\u00f3 en relaci\u00f3n a sus dichos sobre la ex gobernadora bonaerense: \u201cHa desdibujado su perfil y eso es lo que le duele a la gente que est\u00e1 con ella, que se hab\u00eda comprometido con Patricia (Bullrich) y con RItondo a la cabeza como uno de los l\u00edderes m\u00e1s importantes que ella ten\u00eda dentro de su grupo\u201d.<\/p>\n","protected":false},"excerpt":{"rendered":"<p>El ex presidente se refiri\u00f3 a la decisi\u00f3n de la diputada nacional de tomar partido por uno de los precandidatos de Juntos por el Cambio: \u201cTiene raz\u00f3n Ritondo en estar desilusionado. Lo mejor en la vida es hacer lo que uno dice\u201d. La decisi\u00f3n de Mar\u00eda Eugenia Vidal de apoyar a Horacio Rodr\u00edguez Larreta en [&hellip;]<\/p>\n","protected":false},"author":2,"featured_media":62113,"comment_status":"open","ping_status":"open","sticky":false,"template":"","format":"standard","meta":{"tdm_status":"","tdm_grid_status":"","_joinchat":[],"footnotes":""},"categories":[59],"tags":[],"class_list":{"0":"post-62112","1":"post","2":"type-post","3":"status-publish","4":"format-standard","5":"has-post-thumbnail","7":"category-politica"},"amp_enabled":true,"_links":{"self":[{"href":"https:\/\/www.todoeldia.com\/index.php\/wp-json\/wp\/v2\/posts\/62112","targetHints":{"allow":["GET"]}}],"collection":[{"href":"https:\/\/www.todoeldia.com\/index.php\/wp-json\/wp\/v2\/posts"}],"about":[{"href":"https:\/\/www.todoeldia.com\/index.php\/wp-json\/wp\/v2\/types\/post"}],"author":[{"embeddable":true,"href":"https:\/\/www.todoeldia.com\/index.php\/wp-json\/wp\/v2\/users\/2"}],"replies":[{"embeddable":true,"href":"https:\/\/www.todoeldia.com\/index.php\/wp-json\/wp\/v2\/comments?post=62112"}],"version-history":[{"count":1,"href":"https:\/\/www.todoeldia.com\/index.php\/wp-json\/wp\/v2\/posts\/62112\/revisions"}],"predecessor-version":[{"id":62114,"href":"https:\/\/www.todoeldia.com\/index.php\/wp-json\/wp\/v2\/posts\/62112\/revisions\/62114"}],"wp:featuredmedia":[{"embeddable":true,"href":"https:\/\/www.todoeldia.com\/index.php\/wp-json\/wp\/v2\/media\/62113"}],"wp:attachment":[{"href":"https:\/\/www.todoeldia.com\/index.php\/wp-json\/wp\/v2\/media?parent=62112"}],"wp:term":[{"taxonomy":"category","embeddable":true,"href":"https:\/\/www.todoeldia.com\/index.php\/wp-json\/wp\/v2\/categories?post=62112"},{"taxonomy":"post_tag","embeddable":true,"href":"https:\/\/www.todoeldia.com\/index.php\/wp-json\/wp\/v2\/tags?post=62112"}],"curies":[{"name":"wp","href":"https:\/\/api.w.org\/{rel}","templated":true}]}}