{"id":62116,"date":"2023-08-02T20:40:24","date_gmt":"2023-08-02T23:40:24","guid":{"rendered":"https:\/\/www.todoeldia.com\/?p=62116"},"modified":"2023-08-02T20:40:58","modified_gmt":"2023-08-02T23:40:58","slug":"se-iniciara-el-juicio-para-el-hombre-que-apunalo-a-su-ex-pareja-en-un-salon-de-fiestas-en-la-zona-norte-de-la-ciudad","status":"publish","type":"post","link":"https:\/\/www.todoeldia.com\/index.php\/2023\/08\/02\/se-iniciara-el-juicio-para-el-hombre-que-apunalo-a-su-ex-pareja-en-un-salon-de-fiestas-en-la-zona-norte-de-la-ciudad\/","title":{"rendered":"Se iniciar\u00e1 el juicio para el hombre que apu\u00f1al\u00f3 a su ex pareja en un sal\u00f3n de fiestas en la zona norte de la ciudad"},"content":{"rendered":"\n<p>&nbsp;El hecho ocurri\u00f3 el pasado mes de abril en un sal\u00f3n de fiestas de la zona norte de la ciudad de Salta, donde la mujer result\u00f3 gravemente lesionada con un elemento punzo cortante.<\/p>\n\n\n\n<p>La fiscal penal de la Unidad de Femicidios, M\u00f3nica Poma, requiri\u00f3 juicio ante el Juzgado de Garant\u00edas 7 del distrito Centro para un hombre de 36 a\u00f1os como autor del delito de tentativa de homicidio calificado por la relaci\u00f3n de pareja preexistente y por violencia de g\u00e9nero (femicidio) en perjuicio de una mujer de 35 a\u00f1os, con la que mantuvo una relaci\u00f3n de pareja.<\/p>\n\n\n\n<p>En el requerimiento a juicio, la fiscal expone las distintas medidas probatorias producidas durante la investigaci\u00f3n y que constituyen los elementos de convicci\u00f3n necesarios para solicitar que la causa sea elevada a juicio.<\/p>\n\n\n\n<p>El hecho ocurri\u00f3 el 15 de abril en un sal\u00f3n de fiestas de la zona norte de la ciudad de Salta, donde una mujer de 35 a\u00f1os result\u00f3 gravemente lesionada con un elemento punzo cortante y debi\u00f3 ser trasladada al hospital San Bernardo.<\/p>\n\n\n\n<p>El acusado, con quien hab\u00eda mantenido una relaci\u00f3n de pareja en forma previa, fue identificado como el principal sospechoso del hecho. Se encuentra detenido con prisi\u00f3n preventiva.<\/p>\n","protected":false},"excerpt":{"rendered":"<p>&nbsp;El hecho ocurri\u00f3 el pasado mes de abril en un sal\u00f3n de fiestas de la zona norte de la ciudad de Salta, donde la mujer result\u00f3 gravemente lesionada con un elemento punzo cortante. La fiscal penal de la Unidad de Femicidios, M\u00f3nica Poma, requiri\u00f3 juicio ante el Juzgado de Garant\u00edas 7 del distrito Centro para [&hellip;]<\/p>\n","protected":false},"author":2,"featured_media":35303,"comment_status":"open","ping_status":"open","sticky":false,"template":"","format":"standard","meta":{"tdm_status":"","tdm_grid_status":"","_joinchat":[],"footnotes":""},"categories":[63],"tags":[],"class_list":{"0":"post-62116","1":"post","2":"type-post","3":"status-publish","4":"format-standard","5":"has-post-thumbnail","7":"category-policiales"},"amp_enabled":true,"_links":{"self":[{"href":"https:\/\/www.todoeldia.com\/index.php\/wp-json\/wp\/v2\/posts\/62116","targetHints":{"allow":["GET"]}}],"collection":[{"href":"https:\/\/www.todoeldia.com\/index.php\/wp-json\/wp\/v2\/posts"}],"about":[{"href":"https:\/\/www.todoeldia.com\/index.php\/wp-json\/wp\/v2\/types\/post"}],"author":[{"embeddable":true,"href":"https:\/\/www.todoeldia.com\/index.php\/wp-json\/wp\/v2\/users\/2"}],"replies":[{"embeddable":true,"href":"https:\/\/www.todoeldia.com\/index.php\/wp-json\/wp\/v2\/comments?post=62116"}],"version-history":[{"count":1,"href":"https:\/\/www.todoeldia.com\/index.php\/wp-json\/wp\/v2\/posts\/62116\/revisions"}],"predecessor-version":[{"id":62117,"href":"https:\/\/www.todoeldia.com\/index.php\/wp-json\/wp\/v2\/posts\/62116\/revisions\/62117"}],"wp:featuredmedia":[{"embeddable":true,"href":"https:\/\/www.todoeldia.com\/index.php\/wp-json\/wp\/v2\/media\/35303"}],"wp:attachment":[{"href":"https:\/\/www.todoeldia.com\/index.php\/wp-json\/wp\/v2\/media?parent=62116"}],"wp:term":[{"taxonomy":"category","embeddable":true,"href":"https:\/\/www.todoeldia.com\/index.php\/wp-json\/wp\/v2\/categories?post=62116"},{"taxonomy":"post_tag","embeddable":true,"href":"https:\/\/www.todoeldia.com\/index.php\/wp-json\/wp\/v2\/tags?post=62116"}],"curies":[{"name":"wp","href":"https:\/\/api.w.org\/{rel}","templated":true}]}}