{"id":62124,"date":"2023-08-02T20:55:54","date_gmt":"2023-08-02T23:55:54","guid":{"rendered":"https:\/\/www.todoeldia.com\/?p=62124"},"modified":"2023-08-02T20:55:57","modified_gmt":"2023-08-02T23:55:57","slug":"la-tercera-es-la-vencida-habia-robado-dos-veces-en-una-galeria-de-la-florida-al-300","status":"publish","type":"post","link":"https:\/\/www.todoeldia.com\/index.php\/2023\/08\/02\/la-tercera-es-la-vencida-habia-robado-dos-veces-en-una-galeria-de-la-florida-al-300\/","title":{"rendered":"La tercera es la vencida: hab\u00eda robado dos veces en una galer\u00eda de La Florida al 300"},"content":{"rendered":"\n<p>El acusado qued\u00f3 registrado por las c\u00e1maras de seguridad de una galer\u00eda comercial en calle Florida al 300, cuando en dos oportunidades ingres\u00f3 y sustrajo prendas de dos locales. Se solicit\u00f3 su prisi\u00f3n preventiva por poseer antecedentes condenatorios.<\/p>\n\n\n\n<p>El fiscal penal 5, Federico Jovanovics, imput\u00f3 de forma provisional a un hombre de 20 a\u00f1os como autor del delito de hurto (dos hechos) en perjuicio de comerciantes de la zona centro de la ciudad de Salta.<\/p>\n\n\n\n<p>Tras la audiencia de imputaci\u00f3n, desde la Fiscal\u00eda se solicit\u00f3 su prisi\u00f3n preventiva por registrar antecedentes condenatorios.<\/p>\n\n\n\n<p>El joven est\u00e1 acusado de sustraer prendas de vestir de dos locales de una galer\u00eda comercial de calle Florida al 300 los d\u00edas 25 y 27 de julio y fue detenido cuando regres\u00f3 el d\u00eda 28 al centro comercial y fue reconocido por una de las damnificadas.<\/p>\n\n\n\n<p>Entre las medidas probatorias, se cuenta con las grabaciones de los locales, donde qued\u00f3 registrado cuando cometi\u00f3 ambos il\u00edcitos.<\/p>\n","protected":false},"excerpt":{"rendered":"<p>El acusado qued\u00f3 registrado por las c\u00e1maras de seguridad de una galer\u00eda comercial en calle Florida al 300, cuando en dos oportunidades ingres\u00f3 y sustrajo prendas de dos locales. Se solicit\u00f3 su prisi\u00f3n preventiva por poseer antecedentes condenatorios. El fiscal penal 5, Federico Jovanovics, imput\u00f3 de forma provisional a un hombre de 20 a\u00f1os como [&hellip;]<\/p>\n","protected":false},"author":2,"featured_media":62125,"comment_status":"open","ping_status":"open","sticky":false,"template":"","format":"standard","meta":{"tdm_status":"","tdm_grid_status":"","_joinchat":[],"footnotes":""},"categories":[63],"tags":[],"class_list":{"0":"post-62124","1":"post","2":"type-post","3":"status-publish","4":"format-standard","5":"has-post-thumbnail","7":"category-policiales"},"amp_enabled":true,"_links":{"self":[{"href":"https:\/\/www.todoeldia.com\/index.php\/wp-json\/wp\/v2\/posts\/62124","targetHints":{"allow":["GET"]}}],"collection":[{"href":"https:\/\/www.todoeldia.com\/index.php\/wp-json\/wp\/v2\/posts"}],"about":[{"href":"https:\/\/www.todoeldia.com\/index.php\/wp-json\/wp\/v2\/types\/post"}],"author":[{"embeddable":true,"href":"https:\/\/www.todoeldia.com\/index.php\/wp-json\/wp\/v2\/users\/2"}],"replies":[{"embeddable":true,"href":"https:\/\/www.todoeldia.com\/index.php\/wp-json\/wp\/v2\/comments?post=62124"}],"version-history":[{"count":1,"href":"https:\/\/www.todoeldia.com\/index.php\/wp-json\/wp\/v2\/posts\/62124\/revisions"}],"predecessor-version":[{"id":62126,"href":"https:\/\/www.todoeldia.com\/index.php\/wp-json\/wp\/v2\/posts\/62124\/revisions\/62126"}],"wp:featuredmedia":[{"embeddable":true,"href":"https:\/\/www.todoeldia.com\/index.php\/wp-json\/wp\/v2\/media\/62125"}],"wp:attachment":[{"href":"https:\/\/www.todoeldia.com\/index.php\/wp-json\/wp\/v2\/media?parent=62124"}],"wp:term":[{"taxonomy":"category","embeddable":true,"href":"https:\/\/www.todoeldia.com\/index.php\/wp-json\/wp\/v2\/categories?post=62124"},{"taxonomy":"post_tag","embeddable":true,"href":"https:\/\/www.todoeldia.com\/index.php\/wp-json\/wp\/v2\/tags?post=62124"}],"curies":[{"name":"wp","href":"https:\/\/api.w.org\/{rel}","templated":true}]}}