{"id":6213,"date":"2020-09-19T20:25:48","date_gmt":"2020-09-19T23:25:48","guid":{"rendered":"https:\/\/www.todoeldia.com\/?p=6213"},"modified":"2020-09-19T20:25:49","modified_gmt":"2020-09-19T23:25:49","slug":"salta-hoy-21-muertos-y-417-contagios","status":"publish","type":"post","link":"https:\/\/www.todoeldia.com\/index.php\/2020\/09\/19\/salta-hoy-21-muertos-y-417-contagios\/","title":{"rendered":"Salta: hoy 21 muertos y 417 contagios"},"content":{"rendered":"\n<p>Hoy s\u00e1bado se registraron 21 fallecimientos, la cifra m\u00e1s alta en 24 horas desde que se inici\u00f3 la pandemia.<\/p>\n\n\n\n<p>El ministerio de Salud P\u00fablica confirm\u00f3 tambi\u00e9n 417 nuevos contagios lo que marca la dif\u00edcil situaci\u00f3n que afronta la Provincia.<\/p>\n\n\n\n<p>La Capital registro 216, Or\u00e1n 48, San Mart\u00edn 37, G\u00fcemes 26, y Los andes 17.<\/p>\n\n\n\n<p>La cantidad de fallecimiento se elev\u00f3 a 155 mientras que 113 personas se encuentran internadas en terapia intensiva de los cuales 78 est\u00e1n conectados a respiradores artificiales.<\/p>\n\n\n\n<p>Las autoridades informaron hoy que m\u00e1s del 90 % de las camas de terapia intensiva est\u00e1n ocupadas y el sistema est\u00e1 al borde del colapso.<\/p>\n\n\n\n<p>Desde que comenz\u00f3 la pandemia en Salta suman 8.839 los casos confirmados, de los cuales ya se han recuperado 5658, lo que representa el 64%.&nbsp;<\/p>\n\n\n\n<figure class=\"wp-block-table\"><table><tbody><tr><td><strong>Fecha: 19\/09\/2020<\/strong><\/td><\/tr><tr><td><strong>Casos COVID-19<br>de residentes en la Provincia de Salta<\/strong><\/td><\/tr><tr><td><strong>Departamento<\/strong><\/td><td><strong>Casos Nuevos<\/strong><\/td><td><strong>Casos Acumulados<\/strong><\/td><\/tr><tr><td>Anta<\/td><td>7<\/td><td>55<\/td><\/tr><tr><td>Cachi<\/td><td>2<\/td><td>6<\/td><\/tr><tr><td>Cafayate<\/td><td>2<\/td><td>17<\/td><\/tr><tr><td>Capital<\/td><td>216<\/td><td>4463<\/td><\/tr><tr><td>Cerrillos<\/td><td>14<\/td><td>266<\/td><\/tr><tr><td>Chicoana<\/td><td>6<\/td><td>54<\/td><\/tr><tr><td>Gral. G\u00fcemes<\/td><td>26<\/td><td>542<\/td><\/tr><tr><td>Gral. San Mart\u00edn<\/td><td>37<\/td><td>1342<\/td><\/tr><tr><td>Guachipas<\/td><td>0<\/td><td>16<\/td><\/tr><tr><td>Iruya<\/td><td>1<\/td><td>26<\/td><\/tr><tr><td>La Caldera<\/td><td>6<\/td><td>99<\/td><\/tr><tr><td>La Candelaria<\/td><td>0<\/td><td>2<\/td><\/tr><tr><td>La Poma<\/td><td>0<\/td><td>0<\/td><\/tr><tr><td>La Vi\u00f1a<\/td><td>1<\/td><td>47<\/td><\/tr><tr><td>Los Andes<\/td><td>17<\/td><td>94<\/td><\/tr><tr><td>Met\u00e1n<\/td><td>7<\/td><td>65<\/td><\/tr><tr><td>Molinos<\/td><td>3<\/td><td>8<\/td><\/tr><tr><td>Or\u00e1n<\/td><td>48<\/td><td>1380<\/td><\/tr><tr><td>Rivadavia<\/td><td>7<\/td><td>103<\/td><\/tr><tr><td>Rosario de la Frontera<\/td><td>3<\/td><td>26<\/td><\/tr><tr><td>Rosario de Lerma<\/td><td>14<\/td><td>215<\/td><\/tr><tr><td>San Carlos<\/td><td>0<\/td><td>0<\/td><\/tr><tr><td>Santa Victoria<\/td><td>0<\/td><td>13<\/td><\/tr><tr><td><strong>TOTAL<\/strong><\/td><td><strong>417<\/strong><\/td><td><strong>8839<\/strong><\/td><\/tr><\/tbody><\/table><\/figure>\n","protected":false},"excerpt":{"rendered":"<p>Hoy s\u00e1bado se registraron 21 fallecimientos, la cifra m\u00e1s alta en 24 horas desde que se inici\u00f3 la pandemia. El ministerio de Salud P\u00fablica confirm\u00f3 tambi\u00e9n 417 nuevos contagios lo que marca la dif\u00edcil situaci\u00f3n que afronta la Provincia. La Capital registro 216, Or\u00e1n 48, San Mart\u00edn 37, G\u00fcemes 26, y Los andes 17. La [&hellip;]<\/p>\n","protected":false},"author":2,"featured_media":6216,"comment_status":"open","ping_status":"open","sticky":false,"template":"","format":"standard","meta":{"tdm_status":"","tdm_grid_status":"","_joinchat":[],"footnotes":""},"categories":[65],"tags":[],"class_list":{"0":"post-6213","1":"post","2":"type-post","3":"status-publish","4":"format-standard","5":"has-post-thumbnail","7":"category-coronavirus"},"amp_enabled":true,"_links":{"self":[{"href":"https:\/\/www.todoeldia.com\/index.php\/wp-json\/wp\/v2\/posts\/6213","targetHints":{"allow":["GET"]}}],"collection":[{"href":"https:\/\/www.todoeldia.com\/index.php\/wp-json\/wp\/v2\/posts"}],"about":[{"href":"https:\/\/www.todoeldia.com\/index.php\/wp-json\/wp\/v2\/types\/post"}],"author":[{"embeddable":true,"href":"https:\/\/www.todoeldia.com\/index.php\/wp-json\/wp\/v2\/users\/2"}],"replies":[{"embeddable":true,"href":"https:\/\/www.todoeldia.com\/index.php\/wp-json\/wp\/v2\/comments?post=6213"}],"version-history":[{"count":1,"href":"https:\/\/www.todoeldia.com\/index.php\/wp-json\/wp\/v2\/posts\/6213\/revisions"}],"predecessor-version":[{"id":6217,"href":"https:\/\/www.todoeldia.com\/index.php\/wp-json\/wp\/v2\/posts\/6213\/revisions\/6217"}],"wp:featuredmedia":[{"embeddable":true,"href":"https:\/\/www.todoeldia.com\/index.php\/wp-json\/wp\/v2\/media\/6216"}],"wp:attachment":[{"href":"https:\/\/www.todoeldia.com\/index.php\/wp-json\/wp\/v2\/media?parent=6213"}],"wp:term":[{"taxonomy":"category","embeddable":true,"href":"https:\/\/www.todoeldia.com\/index.php\/wp-json\/wp\/v2\/categories?post=6213"},{"taxonomy":"post_tag","embeddable":true,"href":"https:\/\/www.todoeldia.com\/index.php\/wp-json\/wp\/v2\/tags?post=6213"}],"curies":[{"name":"wp","href":"https:\/\/api.w.org\/{rel}","templated":true}]}}