{"id":62443,"date":"2023-08-07T15:47:39","date_gmt":"2023-08-07T18:47:39","guid":{"rendered":"https:\/\/www.todoeldia.com\/?p=62443"},"modified":"2023-08-07T15:47:47","modified_gmt":"2023-08-07T18:47:47","slug":"alberto-desde-el-jardin-con-dylan-mientras-el-pais-se-derrumba-por-fernando-gonzalez","status":"publish","type":"post","link":"https:\/\/www.todoeldia.com\/index.php\/2023\/08\/07\/alberto-desde-el-jardin-con-dylan-mientras-el-pais-se-derrumba-por-fernando-gonzalez\/","title":{"rendered":"Alberto, desde el jard\u00edn con Dylan, mientras el pa\u00eds se derrumba. Por Fernando Gonz\u00e1lez"},"content":{"rendered":"\n<p>El Presidente sorprendi\u00f3 al reaparecer respondiendo preguntas en Instagram. Un gesto tard\u00edo para recuperar centralidad en una Argentina agobiada por el d\u00f3lar, la inflaci\u00f3n y la pobreza.<\/p>\n\n\n\n<p>No es casualidad que algunos crean que el realismo m\u00e1gico naci\u00f3 en la Argentina.<\/p>\n\n\n\n<figure class=\"wp-block-image size-full is-resized\"><img loading=\"lazy\" decoding=\"async\" src=\"https:\/\/www.todoeldia.com\/wp-content\/uploads\/2023\/08\/image-81.png\" alt=\"\" class=\"wp-image-62445\" width=\"1031\" height=\"608\"\/><\/figure>\n\n\n\n<p><strong>Alberto Fern\u00e1ndez responde preguntas sobre sus cuatro a\u00f1os de gobierno desde su Instagram<\/strong><\/p>\n\n\n\n<p>Alberto Fern\u00e1ndez responde preguntas sobre sus cuatro a\u00f1os de gobierno desde su Instagram<\/p>\n\n\n\n<p>Sobre todo, si este \u00faltimo domingo por la ma\u00f1ana, a una semana exacta de las elecciones primarias, hubieran descubierto a Alberto Fern\u00e1ndez hablando desde su cuenta de Instagram. De saco azul y corbata celeste, desde el jard\u00edn de la Quinta de Olivos y al lado de su perro Dylan, mientras el pa\u00eds se cae a pedazos. Jerzy Kosinski se adelant\u00f3 a su tiempo.<\/p>\n\n\n\n<p>Alguien lo convenci\u00f3 al Presidente de que deb\u00eda recordarles a los argentinos que todav\u00eda era \u00e9l quien mandaba. Solo as\u00ed se entiende el desatino de ese engendro creativo para las redes sociales bautizado \u201cAlberto responde\u201d. Arriesg\u00e1ndose al contacto directo con sus dos millones y medio de seguidores, y con otros miles que se sumaron a la ins\u00f3lita propuesta de auto flagelaci\u00f3n.<\/p>\n\n\n\n<p>\u201cAc\u00e1 est\u00e1 Dylan, lindo, como siempre, mi mejor amigo, lo quiero mucho\u201d, explica Alberto en el video dominguero. \u201cAc\u00e1 est\u00e1 con sus hijos, Pr\u00f3cer y Blue\u201d, explica, familiero, como si el pa\u00eds fuera aquel mismo experimento buc\u00f3lico de los comienzos de la pandemia. Como Chance Gardiner y sus flores, el Presidente muestra su mundo.<\/p>\n\n\n\n<figure class=\"wp-block-image size-full is-resized\"><img loading=\"lazy\" decoding=\"async\" src=\"https:\/\/www.todoeldia.com\/wp-content\/uploads\/2023\/08\/image-82.png\" alt=\"\" class=\"wp-image-62446\" width=\"1032\" height=\"716\" srcset=\"https:\/\/www.todoeldia.com\/wp-content\/uploads\/2023\/08\/image-82-218x150.png 218w, https:\/\/www.todoeldia.com\/wp-content\/uploads\/2023\/08\/image-82-100x70.png 100w\" sizes=\"auto, (max-width: 1032px) 100vw, 1032px\" \/><\/figure>\n\n\n\n<p><strong>Hay que ir muchas semanas atr\u00e1s para encontrar alguna frase en la que Sergio Massa o Cristina se ocupen del Presidente<\/strong><\/p>\n\n\n\n<p>Una Argentina en la que el Presidente gozaba de un 80% de imagen positiva. Antes de los encierros injustificados, de las vacunas estadounidenses que se rechazaban y las vacunas rusas que no llegaban a tiempo. Antes de los muertos que los argentinos no pod\u00edan despedir, de la verg\u00fcenza de los vacunatorios VIP, de los cumplea\u00f1os blue y los asados en Olivos. De la hipocres\u00eda y de la impunidad que mes a mes ir\u00edan quedando al descubierto.<\/p>\n\n\n\n<p>Pero Alberto, inconmovible, ajeno a la tierra arrasada que todav\u00eda preside, pregunta sentado en el banco del jard\u00edn de Olivos. \u201c\u00bfQu\u00e9 dudas tienen?, a ver si se las puedo responder\u201d.<\/p>\n\n\n\n<p>Entonces habla el Presidente y responde las preguntas cuidadosamente preparadas por los estrategas de la Casa Rosada. Alguien lo consulta sobre las propuestas de la oposici\u00f3n y Alberto se despacha pip\u00f3n sobre sus opositores actuales para hacer escala especial sobre Mauricio Macri. \u201cNo escuch\u00e9 ninguna propuesta de ellos\u201d, dispara ir\u00f3nico, como si a alguno de los protagonistas electorales le importara lo que Alberto escuch\u00f3 o dej\u00f3 de escuchar. Hay que ir muchas semanas atr\u00e1s para encontrar alguna frase en la que Sergio Massa o Cristina se ocupen del Presidente. Su ausencia cada vez se nota menos.<\/p>\n\n\n\n<p>Alberto navega sobre tem\u00e1ticas que tal vez cree que pueden favorecerlo. Y destaca una menci\u00f3n a las islas Malvinas en el documento reciente de la Uni\u00f3n Europea y de la Celac en Bruselas. Un peque\u00f1o avance diplom\u00e1tico que, en realidad, fue obra del trabajo que en esa cumbre llev\u00f3 adelante el ahora embajador argentino en Suiza y hasta hace poco subsecretario de la Canciller\u00eda para Am\u00e9rica Latina y el Caribe, Gustavo Mart\u00ednez Pandiani. Un diplom\u00e1tico que trabaja en los equipos de Massa y que aprovech\u00f3 las cuentas pendientes que EE.UU. y varios pa\u00edses europeos ten\u00edan con Gran Breta\u00f1a por la afrenta del Brexit.<\/p>\n\n\n\n<figure class=\"wp-block-image size-full is-resized\"><img loading=\"lazy\" decoding=\"async\" src=\"https:\/\/www.todoeldia.com\/wp-content\/uploads\/2023\/08\/image-83.png\" alt=\"\" class=\"wp-image-62447\" width=\"1036\" height=\"719\" srcset=\"https:\/\/www.todoeldia.com\/wp-content\/uploads\/2023\/08\/image-83-218x150.png 218w, https:\/\/www.todoeldia.com\/wp-content\/uploads\/2023\/08\/image-83-100x70.png 100w\" sizes=\"auto, (max-width: 1036px) 100vw, 1036px\" \/><\/figure>\n\n\n\n<p><strong>El programa \u201cAlberto responde\u201d no tiene cap\u00edtulos dedicados al d\u00f3lar blue, ni a la inflaci\u00f3n mensual ni a la suba de precios anual<\/strong><\/p>\n\n\n\n<p>Alberto tambi\u00e9n extrajo de su arc\u00f3n la cuesti\u00f3n del turismo, y el fen\u00f3meno de los extranjeros que llegan al pa\u00eds en el que pueden cambiar un d\u00f3lar por casi seiscientos pesos. El pa\u00eds en el que pueden cenar en un restaurante 5 estrellas por 30 o 40 d\u00f3lares, como si el cepo financiero o las devaluaciones permanentes que el Gobierno lleva adelante desde el comienzo mismo de la gesti\u00f3n constituyeran una pol\u00edtica de promoci\u00f3n tur\u00edstica.<\/p>\n\n\n\n<p>Cualquier influencer de veinte a\u00f1os le podr\u00eda haber advertido al Presidente que entre las consultas de las decenas de cuentas de Instagram amigas se iban a entrometer tambi\u00e9n las cuentas con preguntas inc\u00f3modas. Los inquisidores picantes, para poner en la cancha un neologismo argentino popularizado ahora por Massa para contraatacar a un periodista.<\/p>\n\n\n\n<p>No nos detendremos aqu\u00ed en los que insultan a cualquier funcionario o dirigente ni en los que le faltan el respeto a la investidura presidencial. Las redes est\u00e1n llenas de trolls profesionales o de emprendedores del bullying pol\u00edtico.<\/p>\n\n\n\n<p>\u201c\u00bfNo te da verg\u00fcenza armar este tipo de cosas?\u201d, pregunta, por ejemplo, la cuenta de Emiliano Monteverde. \u201cY si se hizo todo bien, \u00bfpor qu\u00e9 no se vuelve a postular como presidente?\u201d, inquiere, con l\u00f3gica externa a la pol\u00edtica, la cuenta de SoyGentleman.<\/p>\n\n\n\n<p>No hay respuestas presidenciales para abordajes que sean ajenos a la preparaci\u00f3n previa como sucede con los \u00edtems Malvinas o Turismo.<\/p>\n\n\n\n<p>Previsiblemente, la novela de ficci\u00f3n llamada \u201cAlberto responde\u201d no tiene cap\u00edtulos dedicados al d\u00f3lar blue, ni a la inflaci\u00f3n mensual ni a la suba de precios anual, esa que hace cuatro meses baila sobre el piso desesperante de los tres d\u00edgitos.<\/p>\n\n\n\n<figure class=\"wp-block-image size-full is-resized\"><img loading=\"lazy\" decoding=\"async\" src=\"https:\/\/www.todoeldia.com\/wp-content\/uploads\/2023\/08\/image-84.png\" alt=\"\" class=\"wp-image-62448\" width=\"1032\" height=\"716\" srcset=\"https:\/\/www.todoeldia.com\/wp-content\/uploads\/2023\/08\/image-84-218x150.png 218w, https:\/\/www.todoeldia.com\/wp-content\/uploads\/2023\/08\/image-84-100x70.png 100w\" sizes=\"auto, (max-width: 1032px) 100vw, 1032px\" \/><\/figure>\n\n\n\n<p><strong>El peronismo, el de Cristina Kirchner, el de Alberto Fern\u00e1ndez y el de Sergio Massa se asoma a un abismo<\/strong><\/p>\n\n\n\n<p>Tampoco hay menci\u00f3n alguna al crecimiento aluvional de la pobreza. No hay preguntas ni respuestas para los dos millones de argentinos que acaban de descender bajo la l\u00ednea de pobreza, ni alguna explicaci\u00f3n para el 54,7% de chicos que no pueden completar las dos comidas, desayuno y merienda en la edad del crecimiento.<\/p>\n\n\n\n<p>\u201cNunca voy a olvidarme que todos est\u00e1bamos aislados y usted estaba de cumple\u201d, le recuerda la cuenta de marianitemsen. Tampoco hay respuesta para un reclamo que ni siquiera es una pregunta. Las menciones a las celebraciones en la Quinta de Olivos mientras el pa\u00eds desped\u00eda de lejos a sus muertos se encuentran en el tope del ranking oscuro de Alberto responde.<\/p>\n\n\n\n<p>\u201c\u00bfD\u00f3nde vive?\u201d, le pregunta Brenda Ibaldi. Es la pregunta que m\u00e1s se repite. \u201c\u00bfVive en la Argentina?\u201d, \u201c\u00bfSabe lo que pasa realmente en el pa\u00eds?\u201d, van rebotando las consultas. Todos han visto a Alberto sentado en el banco de la Quinta Presidencial, acariciando a Dylan, sonriendo a c\u00e1mara y encadenando frases con estad\u00edsticas de un pa\u00eds que solo existe en su imaginaci\u00f3n.<\/p>\n\n\n\n<p>Este lunes, apenas un d\u00eda despu\u00e9s de la aparici\u00f3n sorprendente del Presidente y del ejercicio de centralidad perdida que intent\u00f3 con el \u201cAlberto responde\u201d, Massa, Axel Kicillof y M\u00e1ximo Kirchner deber\u00e1n comenzar a cerrar la campa\u00f1a electoral para intentar ser candidatos con el temor agigantado de una derrota sin precedentes.<\/p>\n\n\n\n<p>El peronismo, el de Cristina Kirchner, el de Alberto Fern\u00e1ndez y el de Sergio Massa se asoma a un abismo en el que el d\u00f3lar va atravesando barreras jam\u00e1s exploradas, en el que la suba de precios lleva el nombre perdonavidas de \u201cs\u00faper inflaci\u00f3n\u201d y en el que muchos funcionarios rezar\u00e1n cada d\u00eda hasta el 14 de agosto para que el lunes pr\u00f3ximo no sea recordado como otro lunes negro con estallido financiero. Una experiencia que se vivi\u00f3 con Ra\u00fal Alfons\u00edn, con la Alianza y con Mauricio Macri, pero que a\u00fan no hab\u00eda explotado bajo la estrella chamuscada del peronismo.<\/p>\n\n\n\n<p>Massa solo piensa en estos d\u00edas c\u00f3mo lograr que las cifras de un pa\u00eds en ca\u00edda libre no lo arrastren para que su sue\u00f1o presidencial se frustre directamente en las PASO, arroj\u00e1ndolo al \u00fanico infierno que no tiene lugar en el peronismo: el infierno de la derrota.<\/p>\n\n\n\n<p>Cristina Kirchner termina pronto su primer mandato como vicepresidenta detestando al presidente que eligi\u00f3, y dudando sobre si poner el hombro en la \u00faltima semana de campa\u00f1a electoral o tentarse con dejarlo en soledad a Massa en medio de la ancha avenida de la derrota. Su silencio es toda una definici\u00f3n.<\/p>\n\n\n\n<p>Y Alberto Fern\u00e1ndez desespera por reconstruir la imagen con la que lo recordar\u00e1n los argentinos. Con ese objetivo se prest\u00f3 a la pesadilla digital e innecesaria del Alberto responde.<\/p>\n\n\n\n<p>El problema, para el Presidente desde el jard\u00edn, es que ya es tarde. Las respuestas debi\u00f3 haberlas dado cuando los argentinos las necesitaban. Ahora la sociedad est\u00e1 muy lejos de Instagram, sufriendo el da\u00f1o irreparable de tantas asignaturas pendientes.<\/p>\n","protected":false},"excerpt":{"rendered":"<p>El Presidente sorprendi\u00f3 al reaparecer respondiendo preguntas en Instagram. Un gesto tard\u00edo para recuperar centralidad en una Argentina agobiada por el d\u00f3lar, la inflaci\u00f3n y la pobreza. No es casualidad que algunos crean que el realismo m\u00e1gico naci\u00f3 en la Argentina. Alberto Fern\u00e1ndez responde preguntas sobre sus cuatro a\u00f1os de gobierno desde su Instagram Alberto [&hellip;]<\/p>\n","protected":false},"author":2,"featured_media":55911,"comment_status":"open","ping_status":"open","sticky":false,"template":"","format":"standard","meta":{"tdm_status":"","tdm_grid_status":"","_joinchat":[],"footnotes":""},"categories":[71],"tags":[],"class_list":{"0":"post-62443","1":"post","2":"type-post","3":"status-publish","4":"format-standard","5":"has-post-thumbnail","7":"category-columnistas"},"amp_enabled":true,"_links":{"self":[{"href":"https:\/\/www.todoeldia.com\/index.php\/wp-json\/wp\/v2\/posts\/62443","targetHints":{"allow":["GET"]}}],"collection":[{"href":"https:\/\/www.todoeldia.com\/index.php\/wp-json\/wp\/v2\/posts"}],"about":[{"href":"https:\/\/www.todoeldia.com\/index.php\/wp-json\/wp\/v2\/types\/post"}],"author":[{"embeddable":true,"href":"https:\/\/www.todoeldia.com\/index.php\/wp-json\/wp\/v2\/users\/2"}],"replies":[{"embeddable":true,"href":"https:\/\/www.todoeldia.com\/index.php\/wp-json\/wp\/v2\/comments?post=62443"}],"version-history":[{"count":1,"href":"https:\/\/www.todoeldia.com\/index.php\/wp-json\/wp\/v2\/posts\/62443\/revisions"}],"predecessor-version":[{"id":62449,"href":"https:\/\/www.todoeldia.com\/index.php\/wp-json\/wp\/v2\/posts\/62443\/revisions\/62449"}],"wp:featuredmedia":[{"embeddable":true,"href":"https:\/\/www.todoeldia.com\/index.php\/wp-json\/wp\/v2\/media\/55911"}],"wp:attachment":[{"href":"https:\/\/www.todoeldia.com\/index.php\/wp-json\/wp\/v2\/media?parent=62443"}],"wp:term":[{"taxonomy":"category","embeddable":true,"href":"https:\/\/www.todoeldia.com\/index.php\/wp-json\/wp\/v2\/categories?post=62443"},{"taxonomy":"post_tag","embeddable":true,"href":"https:\/\/www.todoeldia.com\/index.php\/wp-json\/wp\/v2\/tags?post=62443"}],"curies":[{"name":"wp","href":"https:\/\/api.w.org\/{rel}","templated":true}]}}