{"id":62481,"date":"2023-08-07T17:55:25","date_gmt":"2023-08-07T20:55:25","guid":{"rendered":"https:\/\/www.todoeldia.com\/?p=62481"},"modified":"2023-08-07T17:56:34","modified_gmt":"2023-08-07T20:56:34","slug":"una-hipotesis-policial-apunta-a-que-secuestraron-al-hijo-para-que-aparezca-el-padre","status":"publish","type":"post","link":"https:\/\/www.todoeldia.com\/index.php\/2023\/08\/07\/una-hipotesis-policial-apunta-a-que-secuestraron-al-hijo-para-que-aparezca-el-padre\/","title":{"rendered":"Una hip\u00f3tesis policial apunta a que secuestraron al hijo para que aparezca el padre"},"content":{"rendered":"\n<p>El pasado jueves por la noche, un hombre de 33 a\u00f1os fue v\u00edctima de un secuestro extorsivo. El viernes logr\u00f3 ser rescatado y fueron detenidas 8 personas, mientras una logr\u00f3 fugarse. La Justicia Federal investiga el secuestro y la hip\u00f3tesis es que en realidad buscaban al padre y no al hijo.<\/p>\n\n\n\n<p>En conferencia de prensa, el jefe de Polic\u00eda Miguel Ceballos expres\u00f3 que el viernes alrededor de las 9.30 de la ma\u00f1ana, ingres\u00f3 al 911 una llamada que indic\u00f3 que la noche del 3 de agosto, a las 20.30, dos sujetos aparecieron en un domicilio del Barrio Policial, identific\u00e1ndose como polic\u00edas, y por la fuerza se llevaron a la v\u00edctima.<\/p>\n\n\n\n<p>Ante la alerta, se puso en conocimiento al \u00e1rea de investigaciones y a la Divisi\u00f3n de B\u00fasqueda de Personas, entre otras \u00e1reas necesarias dentro del Centro de Coordinaci\u00f3n Operativa. Asimismo, se dio la intervenci\u00f3n a la Justicia Federal para iniciar las comunicaciones.<\/p>\n\n\n\n<p>Mientras se realizaban comunicaciones telef\u00f3nicas al domicilio del secuestrado, personal de la Brigada de Investigaciones que se encontraba en inmediaciones del domicilio detect\u00f3 un veh\u00edculo taxi con actitud sospechosa. Se logr\u00f3 detener al conductor y al acompa\u00f1ante, pero una tercera persona logr\u00f3 fugarse y las fuerzas est\u00e1n abocadas a su b\u00fasqueda.<\/p>\n\n\n\n<p>Uno de los detenidos, luego de una serie de medidas, brind\u00f3 a la Polic\u00eda la informaci\u00f3n sobre el paradero de la v\u00edctima, el cual fue allanada y se detuvo a todos los ocupantes del domicilio: dos que intentaron fugarse por los techos y otros tres que estaban en el inmueble, entre ellos una mujer.&nbsp;<\/p>\n\n\n\n<p>\u201cEl secuestrado se hallaba bajo de un dormitorio, bajo de una cama, mal atado y con evidentes y visibles lesiones en el rostro, en el brazo. Aclaramos tambi\u00e9n que hab\u00eda un v\u00eddeo que le hab\u00edan mandado a la familia en el cual la v\u00edctima era torturada, le sacaban las u\u00f1as con una pinza\u201d, inform\u00f3 el jefe de la Polic\u00eda.<\/p>\n\n\n\n<p>El director del \u00e1rea de Investigaciones, comisario Fernando Burgos, por su parte expres\u00f3 que el caso fue crucial para la provincia y destac\u00f3 que fue abordado de manera integral, preservando la vida de la v\u00edctima.<\/p>\n\n\n\n<p>Por su parte, el comisario mayor Chocobar indic\u00f3 que ser\u00e1 la Justicia Federal la que investigar\u00e1 el motivo del secuestro. La causa qued\u00f3 en manos del fiscal Ricardo Toranzos y el comisario agreg\u00f3 que los detenidos ya tienen antecedentes, en su mayor\u00eda por infracciones a la Ley 23.737, Ley de Estupefacientes, y otros delitos como robos, violencia y resistencia a la autoridad.<\/p>\n\n\n\n<p>Una de las hip\u00f3tesis que surgi\u00f3 fue que el hombre fue secuestrado porque esta banda delictiva estaba buscando al padre de la v\u00edctima, de quien hasta el momento se desconoce su paradero.<\/p>\n\n\n\n<p>Nuevo Diario<\/p>\n","protected":false},"excerpt":{"rendered":"<p>El pasado jueves por la noche, un hombre de 33 a\u00f1os fue v\u00edctima de un secuestro extorsivo. El viernes logr\u00f3 ser rescatado y fueron detenidas 8 personas, mientras una logr\u00f3 fugarse. La Justicia Federal investiga el secuestro y la hip\u00f3tesis es que en realidad buscaban al padre y no al hijo. En conferencia de prensa, [&hellip;]<\/p>\n","protected":false},"author":2,"featured_media":62482,"comment_status":"open","ping_status":"open","sticky":false,"template":"","format":"standard","meta":{"tdm_status":"","tdm_grid_status":"","_joinchat":[],"footnotes":""},"categories":[63],"tags":[],"class_list":{"0":"post-62481","1":"post","2":"type-post","3":"status-publish","4":"format-standard","5":"has-post-thumbnail","7":"category-policiales"},"amp_enabled":true,"_links":{"self":[{"href":"https:\/\/www.todoeldia.com\/index.php\/wp-json\/wp\/v2\/posts\/62481","targetHints":{"allow":["GET"]}}],"collection":[{"href":"https:\/\/www.todoeldia.com\/index.php\/wp-json\/wp\/v2\/posts"}],"about":[{"href":"https:\/\/www.todoeldia.com\/index.php\/wp-json\/wp\/v2\/types\/post"}],"author":[{"embeddable":true,"href":"https:\/\/www.todoeldia.com\/index.php\/wp-json\/wp\/v2\/users\/2"}],"replies":[{"embeddable":true,"href":"https:\/\/www.todoeldia.com\/index.php\/wp-json\/wp\/v2\/comments?post=62481"}],"version-history":[{"count":1,"href":"https:\/\/www.todoeldia.com\/index.php\/wp-json\/wp\/v2\/posts\/62481\/revisions"}],"predecessor-version":[{"id":62483,"href":"https:\/\/www.todoeldia.com\/index.php\/wp-json\/wp\/v2\/posts\/62481\/revisions\/62483"}],"wp:featuredmedia":[{"embeddable":true,"href":"https:\/\/www.todoeldia.com\/index.php\/wp-json\/wp\/v2\/media\/62482"}],"wp:attachment":[{"href":"https:\/\/www.todoeldia.com\/index.php\/wp-json\/wp\/v2\/media?parent=62481"}],"wp:term":[{"taxonomy":"category","embeddable":true,"href":"https:\/\/www.todoeldia.com\/index.php\/wp-json\/wp\/v2\/categories?post=62481"},{"taxonomy":"post_tag","embeddable":true,"href":"https:\/\/www.todoeldia.com\/index.php\/wp-json\/wp\/v2\/tags?post=62481"}],"curies":[{"name":"wp","href":"https:\/\/api.w.org\/{rel}","templated":true}]}}