{"id":62484,"date":"2023-08-07T18:03:09","date_gmt":"2023-08-07T21:03:09","guid":{"rendered":"https:\/\/www.todoeldia.com\/?p=62484"},"modified":"2023-08-07T18:03:11","modified_gmt":"2023-08-07T21:03:11","slug":"14-anos-de-prision-para-jesus-lizarraga-por-asesinar-a-cesar-sulca-en-solidaridad","status":"publish","type":"post","link":"https:\/\/www.todoeldia.com\/index.php\/2023\/08\/07\/14-anos-de-prision-para-jesus-lizarraga-por-asesinar-a-cesar-sulca-en-solidaridad\/","title":{"rendered":"14 a\u00f1os de prisi\u00f3n para Jes\u00fas Liz\u00e1rraga por asesinar a Cesar Sulca en Solidaridad"},"content":{"rendered":"\n<p>El acusado de 40 a\u00f1os fue condenado por un hecho ocurrido en octubre de 2022 en la zona Sudeste de la ciudad de Salta. Con un arma blanca y otros elementos, atac\u00f3 a un hombre en la v\u00eda p\u00fablica, provocando su muerte.<\/p>\n\n\n\n<p>El fiscal penal 1 de la Unidad de Graves Atentados contra las Personas, Leandro Flores, represent\u00f3 al Ministerio P\u00fablico Fiscal ante la Sala 1 del Tribunal de Juicio del distrito Centro, en la audiencia de juicio abreviado contra Jes\u00fas Orlando Liz\u00e1rraga como autor del delito de homicidio simple en perjuicio de C\u00e9sar Humberto Sulca, ocurrido el 5 de octubre de 2022 en barrio Solidaridad de la ciudad de Salta.<\/p>\n\n\n\n<p>Seg\u00fan consta en las actuaciones, el imputado y el fallecido se encontraban reunidos en la v\u00eda p\u00fablica y tras una discusi\u00f3n, Liz\u00e1rraga lo lesion\u00f3 con un arma blanca, causando su muerte.<\/p>\n\n\n\n<p>El juez \u00c1ngel Amadeo Longarte, luego de recibir la confesi\u00f3n del acusado, le impuso una pena de 14 a\u00f1os de prisi\u00f3n efectiva.<\/p>\n","protected":false},"excerpt":{"rendered":"<p>El acusado de 40 a\u00f1os fue condenado por un hecho ocurrido en octubre de 2022 en la zona Sudeste de la ciudad de Salta. Con un arma blanca y otros elementos, atac\u00f3 a un hombre en la v\u00eda p\u00fablica, provocando su muerte. El fiscal penal 1 de la Unidad de Graves Atentados contra las Personas, [&hellip;]<\/p>\n","protected":false},"author":2,"featured_media":38779,"comment_status":"open","ping_status":"open","sticky":false,"template":"","format":"standard","meta":{"tdm_status":"","tdm_grid_status":"","_joinchat":[],"footnotes":""},"categories":[63],"tags":[],"class_list":{"0":"post-62484","1":"post","2":"type-post","3":"status-publish","4":"format-standard","5":"has-post-thumbnail","7":"category-policiales"},"amp_enabled":true,"_links":{"self":[{"href":"https:\/\/www.todoeldia.com\/index.php\/wp-json\/wp\/v2\/posts\/62484","targetHints":{"allow":["GET"]}}],"collection":[{"href":"https:\/\/www.todoeldia.com\/index.php\/wp-json\/wp\/v2\/posts"}],"about":[{"href":"https:\/\/www.todoeldia.com\/index.php\/wp-json\/wp\/v2\/types\/post"}],"author":[{"embeddable":true,"href":"https:\/\/www.todoeldia.com\/index.php\/wp-json\/wp\/v2\/users\/2"}],"replies":[{"embeddable":true,"href":"https:\/\/www.todoeldia.com\/index.php\/wp-json\/wp\/v2\/comments?post=62484"}],"version-history":[{"count":1,"href":"https:\/\/www.todoeldia.com\/index.php\/wp-json\/wp\/v2\/posts\/62484\/revisions"}],"predecessor-version":[{"id":62485,"href":"https:\/\/www.todoeldia.com\/index.php\/wp-json\/wp\/v2\/posts\/62484\/revisions\/62485"}],"wp:featuredmedia":[{"embeddable":true,"href":"https:\/\/www.todoeldia.com\/index.php\/wp-json\/wp\/v2\/media\/38779"}],"wp:attachment":[{"href":"https:\/\/www.todoeldia.com\/index.php\/wp-json\/wp\/v2\/media?parent=62484"}],"wp:term":[{"taxonomy":"category","embeddable":true,"href":"https:\/\/www.todoeldia.com\/index.php\/wp-json\/wp\/v2\/categories?post=62484"},{"taxonomy":"post_tag","embeddable":true,"href":"https:\/\/www.todoeldia.com\/index.php\/wp-json\/wp\/v2\/tags?post=62484"}],"curies":[{"name":"wp","href":"https:\/\/api.w.org\/{rel}","templated":true}]}}