{"id":62486,"date":"2023-08-07T18:07:01","date_gmt":"2023-08-07T21:07:01","guid":{"rendered":"https:\/\/www.todoeldia.com\/?p=62486"},"modified":"2023-08-07T18:07:03","modified_gmt":"2023-08-07T21:07:03","slug":"el-miercoles-se-reanudara-en-oran-el-juicio-a-una-maestra-jardinera-de-61-anos-acusada-de-abuso-sexual-simple","status":"publish","type":"post","link":"https:\/\/www.todoeldia.com\/index.php\/2023\/08\/07\/el-miercoles-se-reanudara-en-oran-el-juicio-a-una-maestra-jardinera-de-61-anos-acusada-de-abuso-sexual-simple\/","title":{"rendered":"El mi\u00e9rcoles se reanudar\u00e1 en Or\u00e1n el juicio a una maestra jardinera de 61 a\u00f1os acusada de abuso sexual simple"},"content":{"rendered":"\n<p>El pr\u00f3ximo mi\u00e9rcoles 9 de agosto se realizar\u00e1 la tercera jornada en la causa que se sigue contra una mujer de 61 a\u00f1os acusada del delito de abuso sexual simple agravado por la condici\u00f3n de encargado de la educaci\u00f3n.<\/p>\n\n\n\n<p>Durante la segunda jornada las partes asistieron a la reproducci\u00f3n de la declaraci\u00f3n del ni\u00f1o v\u00edctima en C\u00e1mara Gesell, mientras que en la pr\u00f3xima audiencia continuar\u00e1 la ronda de testimoniales.<\/p>\n\n\n\n<p>El juicio est\u00e1 a cargo de los jueces de la Sala I del Tribunal de Juicio de Or\u00e1n, Aldo Primucci, Mario Maldonado y Edgardo Laurenci. Por el Ministerio P\u00fablico interviene la fiscal penal de Violencia de G\u00e9nero Soledad Filtr\u00edn Cuezzo. La defensa de la imputada est\u00e1 a cargo del abogado Alvar Arranz.<\/p>\n\n\n\n<p>La denuncia fue radicada por el Asesor de Incapaces 2 de Or\u00e1n, a quien la madre de la v\u00edctima le cont\u00f3 lo sucedido. Los hechos habr\u00edan ocurrido en un jard\u00edn privado de Or\u00e1n en el a\u00f1o 2013. El ni\u00f1o, que concurr\u00eda al jard\u00edn donde la mujer trabajaba como maestra y se desempe\u00f1aba tambi\u00e9n como directora, le dijo a su mam\u00e1 que \u201cla se\u00f1orita le tocaba la colita\u201d, lo que habr\u00eda sucedido en varias oportunidades.<\/p>\n","protected":false},"excerpt":{"rendered":"<p>El pr\u00f3ximo mi\u00e9rcoles 9 de agosto se realizar\u00e1 la tercera jornada en la causa que se sigue contra una mujer de 61 a\u00f1os acusada del delito de abuso sexual simple agravado por la condici\u00f3n de encargado de la educaci\u00f3n. Durante la segunda jornada las partes asistieron a la reproducci\u00f3n de la declaraci\u00f3n del ni\u00f1o v\u00edctima [&hellip;]<\/p>\n","protected":false},"author":2,"featured_media":48145,"comment_status":"open","ping_status":"open","sticky":false,"template":"","format":"standard","meta":{"tdm_status":"","tdm_grid_status":"","_joinchat":[],"footnotes":""},"categories":[63],"tags":[],"class_list":{"0":"post-62486","1":"post","2":"type-post","3":"status-publish","4":"format-standard","5":"has-post-thumbnail","7":"category-policiales"},"amp_enabled":true,"_links":{"self":[{"href":"https:\/\/www.todoeldia.com\/index.php\/wp-json\/wp\/v2\/posts\/62486","targetHints":{"allow":["GET"]}}],"collection":[{"href":"https:\/\/www.todoeldia.com\/index.php\/wp-json\/wp\/v2\/posts"}],"about":[{"href":"https:\/\/www.todoeldia.com\/index.php\/wp-json\/wp\/v2\/types\/post"}],"author":[{"embeddable":true,"href":"https:\/\/www.todoeldia.com\/index.php\/wp-json\/wp\/v2\/users\/2"}],"replies":[{"embeddable":true,"href":"https:\/\/www.todoeldia.com\/index.php\/wp-json\/wp\/v2\/comments?post=62486"}],"version-history":[{"count":1,"href":"https:\/\/www.todoeldia.com\/index.php\/wp-json\/wp\/v2\/posts\/62486\/revisions"}],"predecessor-version":[{"id":62487,"href":"https:\/\/www.todoeldia.com\/index.php\/wp-json\/wp\/v2\/posts\/62486\/revisions\/62487"}],"wp:featuredmedia":[{"embeddable":true,"href":"https:\/\/www.todoeldia.com\/index.php\/wp-json\/wp\/v2\/media\/48145"}],"wp:attachment":[{"href":"https:\/\/www.todoeldia.com\/index.php\/wp-json\/wp\/v2\/media?parent=62486"}],"wp:term":[{"taxonomy":"category","embeddable":true,"href":"https:\/\/www.todoeldia.com\/index.php\/wp-json\/wp\/v2\/categories?post=62486"},{"taxonomy":"post_tag","embeddable":true,"href":"https:\/\/www.todoeldia.com\/index.php\/wp-json\/wp\/v2\/tags?post=62486"}],"curies":[{"name":"wp","href":"https:\/\/api.w.org\/{rel}","templated":true}]}}