{"id":6255,"date":"2020-09-20T20:47:41","date_gmt":"2020-09-20T23:47:41","guid":{"rendered":"https:\/\/www.todoeldia.com\/?p=6255"},"modified":"2020-09-20T20:51:15","modified_gmt":"2020-09-20T23:51:15","slug":"bettina-romero-con-covid","status":"publish","type":"post","link":"https:\/\/www.todoeldia.com\/index.php\/2020\/09\/20\/bettina-romero-con-covid\/","title":{"rendered":"Bettina Romero con Covid"},"content":{"rendered":"\n<p>La intendenta Bettina Romero inform\u00f3 esta tarde que dio positivo de COVID-19. Lo hizo en un video que public\u00f3 en su cuenta de Twitter.&nbsp;<\/p>\n\n\n\n<p>Confirm\u00f3 que esta bien de salud y que permanecer\u00e1 aislada junto a su familia.\u00a0<\/p>\n\n\n\n<figure class=\"wp-block-embed-twitter wp-block-embed is-type-rich is-provider-twitter\"><div class=\"wp-block-embed__wrapper\">\n<blockquote class=\"twitter-tweet\" data-width=\"550\" data-dnt=\"true\"><p lang=\"es\" dir=\"ltr\">Quiero contarles que me diagnosticaron <a href=\"https:\/\/twitter.com\/hashtag\/COVID19?src=hash&amp;ref_src=twsrc%5Etfw\">#COVID19<\/a> <br><br>Mi familia y yo estamos bien, cumpliendo con el aislamiento y las indicaciones m\u00e9dicas correspondientes. <br><br>Mensaje para mis vecinos y vecinas de <a href=\"https:\/\/twitter.com\/hashtag\/Salta?src=hash&amp;ref_src=twsrc%5Etfw\">#Salta<\/a>?? <a href=\"https:\/\/t.co\/hiuThwqAIq\">pic.twitter.com\/hiuThwqAIq<\/a><\/p>&mdash; Bettina Romero (@RomeroBettina) <a href=\"https:\/\/twitter.com\/RomeroBettina\/status\/1307743685774319616?ref_src=twsrc%5Etfw\">September 20, 2020<\/a><\/blockquote><script async src=\"https:\/\/platform.twitter.com\/widgets.js\" charset=\"utf-8\"><\/script>\n<\/div><\/figure>\n\n\n\n<p>&#8220;Estar\u00e9 aislada con mi familia y continuando con las tareas de Gobierno desde casa, tomando las medidas que la ciudadan\u00eda requiere en este momento. Estar\u00e9 en permanente contacto con mi equipo\u201d, afirm\u00f3 en el video que public\u00f3. Y agreg\u00f3 que \u201cseamos solidarios y que pensemos en el otro\u201d.<\/p>\n","protected":false},"excerpt":{"rendered":"<p>La intendenta Bettina Romero inform\u00f3 esta tarde que dio positivo de COVID-19. Lo hizo en un video que public\u00f3 en su cuenta de Twitter.&nbsp; Confirm\u00f3 que esta bien de salud y que permanecer\u00e1 aislada junto a su familia.\u00a0 &#8220;Estar\u00e9 aislada con mi familia y continuando con las tareas de Gobierno desde casa, tomando las medidas [&hellip;]<\/p>\n","protected":false},"author":2,"featured_media":6261,"comment_status":"open","ping_status":"open","sticky":false,"template":"","format":"standard","meta":{"tdm_status":"","tdm_grid_status":"","_joinchat":[],"footnotes":""},"categories":[69],"tags":[],"class_list":{"0":"post-6255","1":"post","2":"type-post","3":"status-publish","4":"format-standard","5":"has-post-thumbnail","7":"category-salta"},"amp_enabled":true,"_links":{"self":[{"href":"https:\/\/www.todoeldia.com\/index.php\/wp-json\/wp\/v2\/posts\/6255","targetHints":{"allow":["GET"]}}],"collection":[{"href":"https:\/\/www.todoeldia.com\/index.php\/wp-json\/wp\/v2\/posts"}],"about":[{"href":"https:\/\/www.todoeldia.com\/index.php\/wp-json\/wp\/v2\/types\/post"}],"author":[{"embeddable":true,"href":"https:\/\/www.todoeldia.com\/index.php\/wp-json\/wp\/v2\/users\/2"}],"replies":[{"embeddable":true,"href":"https:\/\/www.todoeldia.com\/index.php\/wp-json\/wp\/v2\/comments?post=6255"}],"version-history":[{"count":2,"href":"https:\/\/www.todoeldia.com\/index.php\/wp-json\/wp\/v2\/posts\/6255\/revisions"}],"predecessor-version":[{"id":6264,"href":"https:\/\/www.todoeldia.com\/index.php\/wp-json\/wp\/v2\/posts\/6255\/revisions\/6264"}],"wp:featuredmedia":[{"embeddable":true,"href":"https:\/\/www.todoeldia.com\/index.php\/wp-json\/wp\/v2\/media\/6261"}],"wp:attachment":[{"href":"https:\/\/www.todoeldia.com\/index.php\/wp-json\/wp\/v2\/media?parent=6255"}],"wp:term":[{"taxonomy":"category","embeddable":true,"href":"https:\/\/www.todoeldia.com\/index.php\/wp-json\/wp\/v2\/categories?post=6255"},{"taxonomy":"post_tag","embeddable":true,"href":"https:\/\/www.todoeldia.com\/index.php\/wp-json\/wp\/v2\/tags?post=6255"}],"curies":[{"name":"wp","href":"https:\/\/api.w.org\/{rel}","templated":true}]}}