{"id":62659,"date":"2023-08-10T12:25:14","date_gmt":"2023-08-10T15:25:14","guid":{"rendered":"https:\/\/www.todoeldia.com\/?p=62659"},"modified":"2023-08-10T12:25:17","modified_gmt":"2023-08-10T15:25:17","slug":"no-todo-esta-bien-en-la-salud-de-salta-los-anestesistas-del-hospital-de-oran-estan-de-paro","status":"publish","type":"post","link":"https:\/\/www.todoeldia.com\/index.php\/2023\/08\/10\/no-todo-esta-bien-en-la-salud-de-salta-los-anestesistas-del-hospital-de-oran-estan-de-paro\/","title":{"rendered":"No todo est\u00e1 bien en la salud de Salta: los anestesistas del hospital de Oran est\u00e1n de paro"},"content":{"rendered":"\n<p>Desde el hospital San Vicente de Paul se inform\u00f3 esta ma\u00f1ana que \u201cen protecci\u00f3n de la integridad de la vida de los pacientes, el Ministerio de Salud P\u00fablica present\u00f3 un Recurso de Amparo y dos denuncias por abandono de personas a anestesistas del nosocomio, que est\u00e1n con medidas de fuerza\u201d.<\/p>\n\n\n\n<p>\u201cEl servicio de guardia nunca debe ser abandonado, menos sin previo aviso\u201d sostuvo Omar Narv\u00e1ez, gerente de Atenci\u00f3n a las Personas.<\/p>\n\n\n\n<p>El gerente del Hospital Dr Iv\u00e1n Soria no logro conciliar la situaci\u00f3n y tom\u00f3 licencia.<\/p>\n\n\n\n<figure class=\"wp-block-image size-full is-resized\"><img loading=\"lazy\" decoding=\"async\" src=\"https:\/\/www.todoeldia.com\/wp-content\/uploads\/2021\/10\/hospital-de-oran-5.jpg\" alt=\"\" class=\"wp-image-28960\" width=\"1075\" height=\"745\" srcset=\"https:\/\/www.todoeldia.com\/wp-content\/uploads\/2021\/10\/hospital-de-oran-5-218x150.jpg 218w, https:\/\/www.todoeldia.com\/wp-content\/uploads\/2021\/10\/hospital-de-oran-5-100x70.jpg 100w\" sizes=\"auto, (max-width: 1075px) 100vw, 1075px\" \/><\/figure>\n\n\n\n<p>El profesional confirm\u00f3 que est\u00e1n derivando pacientes a la ciudad de Salta para brindarles atenci\u00f3n que requieren anestesia. Otros podr\u00edan recibir asistencia en cl\u00ednicas privadas de Or\u00e1n.<\/p>\n\n\n\n<p>Adem\u00e1s, indicaron que est\u00e1 en vigencia un convenio firmado por el Ministerio de Salud P\u00fablica y la Asociaci\u00f3n Salte\u00f1a de Anestesistas, con revisi\u00f3n a mitad de a\u00f1o, por lo que el pasado martes 8, funcionarios de la cartera sanitaria se reunieron con el presidente de la Asociaci\u00f3n C\u00e9sar Salazar y su equipo de asesores, para acercar posturas, quedando programado un pr\u00f3ximo encuentro para el lunes 14 con el objetivo de llegar a un acuerdo.<\/p>\n","protected":false},"excerpt":{"rendered":"<p>Desde el hospital San Vicente de Paul se inform\u00f3 esta ma\u00f1ana que \u201cen protecci\u00f3n de la integridad de la vida de los pacientes, el Ministerio de Salud P\u00fablica present\u00f3 un Recurso de Amparo y dos denuncias por abandono de personas a anestesistas del nosocomio, que est\u00e1n con medidas de fuerza\u201d. \u201cEl servicio de guardia nunca [&hellip;]<\/p>\n","protected":false},"author":2,"featured_media":62660,"comment_status":"open","ping_status":"open","sticky":false,"template":"","format":"standard","meta":{"tdm_status":"","tdm_grid_status":"","_joinchat":[],"footnotes":""},"categories":[73],"tags":[],"class_list":{"0":"post-62659","1":"post","2":"type-post","3":"status-publish","4":"format-standard","5":"has-post-thumbnail","7":"category-noticias-general"},"amp_enabled":true,"_links":{"self":[{"href":"https:\/\/www.todoeldia.com\/index.php\/wp-json\/wp\/v2\/posts\/62659","targetHints":{"allow":["GET"]}}],"collection":[{"href":"https:\/\/www.todoeldia.com\/index.php\/wp-json\/wp\/v2\/posts"}],"about":[{"href":"https:\/\/www.todoeldia.com\/index.php\/wp-json\/wp\/v2\/types\/post"}],"author":[{"embeddable":true,"href":"https:\/\/www.todoeldia.com\/index.php\/wp-json\/wp\/v2\/users\/2"}],"replies":[{"embeddable":true,"href":"https:\/\/www.todoeldia.com\/index.php\/wp-json\/wp\/v2\/comments?post=62659"}],"version-history":[{"count":1,"href":"https:\/\/www.todoeldia.com\/index.php\/wp-json\/wp\/v2\/posts\/62659\/revisions"}],"predecessor-version":[{"id":62661,"href":"https:\/\/www.todoeldia.com\/index.php\/wp-json\/wp\/v2\/posts\/62659\/revisions\/62661"}],"wp:featuredmedia":[{"embeddable":true,"href":"https:\/\/www.todoeldia.com\/index.php\/wp-json\/wp\/v2\/media\/62660"}],"wp:attachment":[{"href":"https:\/\/www.todoeldia.com\/index.php\/wp-json\/wp\/v2\/media?parent=62659"}],"wp:term":[{"taxonomy":"category","embeddable":true,"href":"https:\/\/www.todoeldia.com\/index.php\/wp-json\/wp\/v2\/categories?post=62659"},{"taxonomy":"post_tag","embeddable":true,"href":"https:\/\/www.todoeldia.com\/index.php\/wp-json\/wp\/v2\/tags?post=62659"}],"curies":[{"name":"wp","href":"https:\/\/api.w.org\/{rel}","templated":true}]}}