{"id":62949,"date":"2023-08-14T12:13:56","date_gmt":"2023-08-14T15:13:56","guid":{"rendered":"https:\/\/www.todoeldia.com\/?p=62949"},"modified":"2023-08-14T12:16:11","modified_gmt":"2023-08-14T15:16:11","slug":"un-hombre-de-40-anos-y-dos-nenas-de-3-y-7-son-las-victimas-del-fatal-accidente-en-oran","status":"publish","type":"post","link":"https:\/\/www.todoeldia.com\/index.php\/2023\/08\/14\/un-hombre-de-40-anos-y-dos-nenas-de-3-y-7-son-las-victimas-del-fatal-accidente-en-oran\/","title":{"rendered":"Un hombre de 40 a\u00f1os y dos nenas de 3 y 7 son las victimas del fatal accidente en Or\u00e1n"},"content":{"rendered":"\n<p>Anoche efectivos de El tabacal y Bomberos trabajaron en un siniestro vial en ruta nacional 50, donde un autom\u00f3vil por motivos que se investigan volc\u00f3 provoc\u00e1ndose un incendio y la muerte de tres personas. Por el hecho tom\u00f3 intervenci\u00f3n la Fiscal\u00eda de Graves Atentados contra las Personas de Or\u00e1n.<\/p>\n\n\n\n<p>Cerca de las 21 horas un llamado al Sistema de Emergencias 9-1-1 alert\u00f3 que un autom\u00f3vil habr\u00eda volcado en un canal y se estar\u00eda incendiando sobre ruta nacional 50, alturas del puente del Capo.<\/p>\n\n\n\n<p>De inmediato desde del Centro de Coordinaci\u00f3n Operativa de Or\u00e1n se desplaz\u00f3 los recursos necesarios al lugar. Al arribo de personal policial y de Bomberos mediante una l\u00ednea de alta presi\u00f3n lograron sofocar el foco \u00edgneo del rodado.<\/p>\n\n\n\n<p>Posterior a ello, personal m\u00e9dico constat\u00f3 que en el interior del autom\u00f3vil se encontraban tres personas sin signos vitales, trat\u00e1ndose de un hombre de 40, y dos ni\u00f1as de 3 y 7 a\u00f1os.<\/p>\n\n\n\n<p>El siniestro habr\u00eda ocurrido cuando un autom\u00f3vil Volkswagen Polo circulaba por ruta nacional 50 y por razones que se tratar\u00e1n de establecer perdi\u00f3 el control, provoc\u00e1ndose el vuelco y el incendio en el rodado.<\/p>\n\n\n\n<p>Peritos de Criminal\u00edstica trabajaron para realizar las pericias y determinar las causas que desencadenaron el siniestro.<\/p>\n\n\n\n<p>Por el hecho tom\u00f3 intervenci\u00f3n la Fiscal\u00eda de Graves Atentados contra las Personas de Or\u00e1n.<\/p>\n","protected":false},"excerpt":{"rendered":"<p>Anoche efectivos de El tabacal y Bomberos trabajaron en un siniestro vial en ruta nacional 50, donde un autom\u00f3vil por motivos que se investigan volc\u00f3 provoc\u00e1ndose un incendio y la muerte de tres personas. Por el hecho tom\u00f3 intervenci\u00f3n la Fiscal\u00eda de Graves Atentados contra las Personas de Or\u00e1n. Cerca de las 21 horas un [&hellip;]<\/p>\n","protected":false},"author":2,"featured_media":62950,"comment_status":"open","ping_status":"open","sticky":false,"template":"","format":"standard","meta":{"tdm_status":"","tdm_grid_status":"","_joinchat":[],"footnotes":""},"categories":[63],"tags":[],"class_list":{"0":"post-62949","1":"post","2":"type-post","3":"status-publish","4":"format-standard","5":"has-post-thumbnail","7":"category-policiales"},"amp_enabled":true,"_links":{"self":[{"href":"https:\/\/www.todoeldia.com\/index.php\/wp-json\/wp\/v2\/posts\/62949","targetHints":{"allow":["GET"]}}],"collection":[{"href":"https:\/\/www.todoeldia.com\/index.php\/wp-json\/wp\/v2\/posts"}],"about":[{"href":"https:\/\/www.todoeldia.com\/index.php\/wp-json\/wp\/v2\/types\/post"}],"author":[{"embeddable":true,"href":"https:\/\/www.todoeldia.com\/index.php\/wp-json\/wp\/v2\/users\/2"}],"replies":[{"embeddable":true,"href":"https:\/\/www.todoeldia.com\/index.php\/wp-json\/wp\/v2\/comments?post=62949"}],"version-history":[{"count":1,"href":"https:\/\/www.todoeldia.com\/index.php\/wp-json\/wp\/v2\/posts\/62949\/revisions"}],"predecessor-version":[{"id":62951,"href":"https:\/\/www.todoeldia.com\/index.php\/wp-json\/wp\/v2\/posts\/62949\/revisions\/62951"}],"wp:featuredmedia":[{"embeddable":true,"href":"https:\/\/www.todoeldia.com\/index.php\/wp-json\/wp\/v2\/media\/62950"}],"wp:attachment":[{"href":"https:\/\/www.todoeldia.com\/index.php\/wp-json\/wp\/v2\/media?parent=62949"}],"wp:term":[{"taxonomy":"category","embeddable":true,"href":"https:\/\/www.todoeldia.com\/index.php\/wp-json\/wp\/v2\/categories?post=62949"},{"taxonomy":"post_tag","embeddable":true,"href":"https:\/\/www.todoeldia.com\/index.php\/wp-json\/wp\/v2\/tags?post=62949"}],"curies":[{"name":"wp","href":"https:\/\/api.w.org\/{rel}","templated":true}]}}