{"id":62952,"date":"2023-08-14T12:33:55","date_gmt":"2023-08-14T15:33:55","guid":{"rendered":"https:\/\/www.todoeldia.com\/?p=62952"},"modified":"2023-08-14T12:33:56","modified_gmt":"2023-08-14T15:33:56","slug":"mientras-sus-propietarios-dormian-un-delincuente-robo-en-tres-autos-en-guemes-y-alvear","status":"publish","type":"post","link":"https:\/\/www.todoeldia.com\/index.php\/2023\/08\/14\/mientras-sus-propietarios-dormian-un-delincuente-robo-en-tres-autos-en-guemes-y-alvear\/","title":{"rendered":"Mientras sus propietarios dorm\u00edan un delincuente rob\u00f3 en tres autos en G\u00fcemes y Alvear"},"content":{"rendered":"\n<p>El hecho tuvo lugar ayer alrededor de las 5 de la madrugada, en la intersecci\u00f3n de calles General G\u00fcemes y Alvear de nuestra ciudad.<\/p>\n\n\n\n<p>Un delincuente violent\u00f3 tres autom\u00f3viles que se encontraban estacionados en la v\u00eda p\u00fablica.<\/p>\n\n\n\n<figure class=\"wp-block-image size-full is-resized\"><img loading=\"lazy\" decoding=\"async\" src=\"https:\/\/www.todoeldia.com\/wp-content\/uploads\/2023\/08\/image-143.png\" alt=\"\" class=\"wp-image-62954\" style=\"width:1035px;height:1024px\" width=\"1035\" height=\"1024\"\/><\/figure>\n\n\n\n<p>Dicha acci\u00f3n fue advertida por personal del Centro de Coordinaci\u00f3n Operativa y de la Comisar\u00eda Primera que patrullaba por la zona, quienes lo sorprendieron en el lugar.<\/p>\n\n\n\n<p>Al percatarse de la presencia policial, intent\u00f3 huir siendo demorado de inmediato, trat\u00e1ndose de un hombre de 39 a\u00f1os.<\/p>\n\n\n\n<p>Ya hab\u00eda sustra\u00eddo dinero, bater\u00edas, est\u00e9reos, parlantes, un coche de bebe, ropa y otros elementos.<\/p>\n\n\n\n<figure class=\"wp-block-image size-full\"><img loading=\"lazy\" decoding=\"async\" width=\"1024\" height=\"768\" src=\"https:\/\/www.todoeldia.com\/wp-content\/uploads\/2023\/08\/image-144.png\" alt=\"\" class=\"wp-image-62955\" srcset=\"https:\/\/www.todoeldia.com\/wp-content\/uploads\/2023\/08\/image-144.png 1024w, https:\/\/www.todoeldia.com\/wp-content\/uploads\/2023\/08\/image-144-300x225.png 300w, https:\/\/www.todoeldia.com\/wp-content\/uploads\/2023\/08\/image-144-768x576.png 768w, https:\/\/www.todoeldia.com\/wp-content\/uploads\/2023\/08\/image-144-696x522.png 696w, https:\/\/www.todoeldia.com\/wp-content\/uploads\/2023\/08\/image-144-560x420.png 560w, https:\/\/www.todoeldia.com\/wp-content\/uploads\/2023\/08\/image-144-80x60.png 80w, https:\/\/www.todoeldia.com\/wp-content\/uploads\/2023\/08\/image-144-265x198.png 265w\" sizes=\"auto, (max-width: 1024px) 100vw, 1024px\" \/><\/figure>\n\n\n\n<p>Por el hecho se procedi\u00f3 a la retenci\u00f3n de los elementos, se recibieron las denuncias de los due\u00f1os de los autom\u00f3viles y se realiz\u00f3 la entrega de lo sustra\u00eddo a sus propietarios.<\/p>\n\n\n\n<p>El causante qued\u00f3 a disposici\u00f3n de la Fiscal\u00eda Interviniente.<\/p>\n","protected":false},"excerpt":{"rendered":"<p>El hecho tuvo lugar ayer alrededor de las 5 de la madrugada, en la intersecci\u00f3n de calles General G\u00fcemes y Alvear de nuestra ciudad. Un delincuente violent\u00f3 tres autom\u00f3viles que se encontraban estacionados en la v\u00eda p\u00fablica. Dicha acci\u00f3n fue advertida por personal del Centro de Coordinaci\u00f3n Operativa y de la Comisar\u00eda Primera que patrullaba [&hellip;]<\/p>\n","protected":false},"author":2,"featured_media":62953,"comment_status":"open","ping_status":"open","sticky":false,"template":"","format":"standard","meta":{"tdm_status":"","tdm_grid_status":"","_joinchat":[],"footnotes":""},"categories":[63],"tags":[],"class_list":{"0":"post-62952","1":"post","2":"type-post","3":"status-publish","4":"format-standard","5":"has-post-thumbnail","7":"category-policiales"},"amp_enabled":true,"_links":{"self":[{"href":"https:\/\/www.todoeldia.com\/index.php\/wp-json\/wp\/v2\/posts\/62952","targetHints":{"allow":["GET"]}}],"collection":[{"href":"https:\/\/www.todoeldia.com\/index.php\/wp-json\/wp\/v2\/posts"}],"about":[{"href":"https:\/\/www.todoeldia.com\/index.php\/wp-json\/wp\/v2\/types\/post"}],"author":[{"embeddable":true,"href":"https:\/\/www.todoeldia.com\/index.php\/wp-json\/wp\/v2\/users\/2"}],"replies":[{"embeddable":true,"href":"https:\/\/www.todoeldia.com\/index.php\/wp-json\/wp\/v2\/comments?post=62952"}],"version-history":[{"count":1,"href":"https:\/\/www.todoeldia.com\/index.php\/wp-json\/wp\/v2\/posts\/62952\/revisions"}],"predecessor-version":[{"id":62956,"href":"https:\/\/www.todoeldia.com\/index.php\/wp-json\/wp\/v2\/posts\/62952\/revisions\/62956"}],"wp:featuredmedia":[{"embeddable":true,"href":"https:\/\/www.todoeldia.com\/index.php\/wp-json\/wp\/v2\/media\/62953"}],"wp:attachment":[{"href":"https:\/\/www.todoeldia.com\/index.php\/wp-json\/wp\/v2\/media?parent=62952"}],"wp:term":[{"taxonomy":"category","embeddable":true,"href":"https:\/\/www.todoeldia.com\/index.php\/wp-json\/wp\/v2\/categories?post=62952"},{"taxonomy":"post_tag","embeddable":true,"href":"https:\/\/www.todoeldia.com\/index.php\/wp-json\/wp\/v2\/tags?post=62952"}],"curies":[{"name":"wp","href":"https:\/\/api.w.org\/{rel}","templated":true}]}}