{"id":62957,"date":"2023-08-14T13:41:46","date_gmt":"2023-08-14T16:41:46","guid":{"rendered":"https:\/\/www.todoeldia.com\/?p=62957"},"modified":"2023-08-14T13:42:33","modified_gmt":"2023-08-14T16:42:33","slug":"pablo-outes-hizo-la-peor-eleccion-del-peronismo-en-mas-de-25-anos","status":"publish","type":"post","link":"https:\/\/www.todoeldia.com\/index.php\/2023\/08\/14\/pablo-outes-hizo-la-peor-eleccion-del-peronismo-en-mas-de-25-anos\/","title":{"rendered":"Pablo Outes hizo la peor elecci\u00f3n del peronismo salte\u00f1o en m\u00e1s de 25 a\u00f1os con el 11,87 % de los votos"},"content":{"rendered":"\n<p>El candidato a diputado nacional por Uni\u00f3n por la Patria y del gobierno salte\u00f1o, Pablo Outes hizo la peor elecci\u00f3n del peronismo en m\u00e1s de 25 a\u00f1os en la Provincia.<\/p>\n\n\n\n<p>Outes solo obtuvo 72.611 votos (11,87%) con todo el aparato a su favor en la interna que le disputo a Jes\u00fas \u201cRana\u201d Villa que sac\u00f3 62.272 votos (10,18%), al que le gano solo por 10.339 votos.<\/p>\n\n\n\n<p>Tambien particip\u00f3 de la interna en Uni\u00f3n por la Patria en Salta Mar\u00eda Ang\u00e9lica Mart\u00ednez Morales Miy que junt\u00f3 8.863 votos (1,45 %).<\/p>\n\n\n\n<p>&nbsp;Sumados todos los porcentajes Uni\u00f3n por la Patria pudo llegar al 23,49 % es decir 143.746 votos contra Ahora Patria de Mar\u00eda Emilia Orozco que sac\u00f3 el 47,49 % que son 290.647 votos.<\/p>\n\n\n\n<p>Tercero qued\u00f3 Juntos por el Cambio con 105.864 votos (17,30 %). Miguel Nanni se impuso en la interna con 61.284 votos (10,02%) a In\u00e9s Liendo 37.940 (6,20%); a Bernardo Sol\u00e1 4.745 (0.78%) y a Oscar Rocha Alfaro 1.895 votos (0,31%).<\/p>\n\n\n\n<p>En forma personal para diputado nacional los n\u00fameros quedaron de esta manera:<\/p>\n\n\n\n<p>Mar\u00eda Orozco 290.647 votos<\/p>\n\n\n\n<p>Pablo Outes 72.611 votos<\/p>\n\n\n\n<p>Jes\u00fas Villa 62.272 votos<\/p>\n\n\n\n<p>Miguel Nanni 61.284 votos<\/p>\n","protected":false},"excerpt":{"rendered":"<p>El candidato a diputado nacional por Uni\u00f3n por la Patria y del gobierno salte\u00f1o, Pablo Outes hizo la peor elecci\u00f3n del peronismo en m\u00e1s de 25 a\u00f1os en la Provincia. Outes solo obtuvo 72.611 votos (11,87%) con todo el aparato a su favor en la interna que le disputo a Jes\u00fas \u201cRana\u201d Villa que sac\u00f3 [&hellip;]<\/p>\n","protected":false},"author":2,"featured_media":62958,"comment_status":"open","ping_status":"open","sticky":false,"template":"","format":"standard","meta":{"tdm_status":"","tdm_grid_status":"","_joinchat":[],"footnotes":""},"categories":[59],"tags":[],"class_list":{"0":"post-62957","1":"post","2":"type-post","3":"status-publish","4":"format-standard","5":"has-post-thumbnail","7":"category-politica"},"amp_enabled":true,"_links":{"self":[{"href":"https:\/\/www.todoeldia.com\/index.php\/wp-json\/wp\/v2\/posts\/62957","targetHints":{"allow":["GET"]}}],"collection":[{"href":"https:\/\/www.todoeldia.com\/index.php\/wp-json\/wp\/v2\/posts"}],"about":[{"href":"https:\/\/www.todoeldia.com\/index.php\/wp-json\/wp\/v2\/types\/post"}],"author":[{"embeddable":true,"href":"https:\/\/www.todoeldia.com\/index.php\/wp-json\/wp\/v2\/users\/2"}],"replies":[{"embeddable":true,"href":"https:\/\/www.todoeldia.com\/index.php\/wp-json\/wp\/v2\/comments?post=62957"}],"version-history":[{"count":3,"href":"https:\/\/www.todoeldia.com\/index.php\/wp-json\/wp\/v2\/posts\/62957\/revisions"}],"predecessor-version":[{"id":62962,"href":"https:\/\/www.todoeldia.com\/index.php\/wp-json\/wp\/v2\/posts\/62957\/revisions\/62962"}],"wp:featuredmedia":[{"embeddable":true,"href":"https:\/\/www.todoeldia.com\/index.php\/wp-json\/wp\/v2\/media\/62958"}],"wp:attachment":[{"href":"https:\/\/www.todoeldia.com\/index.php\/wp-json\/wp\/v2\/media?parent=62957"}],"wp:term":[{"taxonomy":"category","embeddable":true,"href":"https:\/\/www.todoeldia.com\/index.php\/wp-json\/wp\/v2\/categories?post=62957"},{"taxonomy":"post_tag","embeddable":true,"href":"https:\/\/www.todoeldia.com\/index.php\/wp-json\/wp\/v2\/tags?post=62957"}],"curies":[{"name":"wp","href":"https:\/\/api.w.org\/{rel}","templated":true}]}}