{"id":62966,"date":"2023-08-14T15:03:00","date_gmt":"2023-08-14T18:03:00","guid":{"rendered":"https:\/\/www.todoeldia.com\/?p=62966"},"modified":"2023-08-14T15:03:02","modified_gmt":"2023-08-14T18:03:02","slug":"el-triunfo-del-hartazgo-social-por-joaquin-morales-sola","status":"publish","type":"post","link":"https:\/\/www.todoeldia.com\/index.php\/2023\/08\/14\/el-triunfo-del-hartazgo-social-por-joaquin-morales-sola\/","title":{"rendered":"El triunfo del hartazgo social. Por Joaqu\u00edn Morales Sol\u00e1"},"content":{"rendered":"\n<p>Una vasta y profunda protesta social se alz\u00f3 ayer con la victoria. El Gobierno qued\u00f3 atrapado dentro de una pinza conformada por la oposici\u00f3n cl\u00e1sica de Juntos por el Cambio y por la oposici\u00f3n rupturista del sistema que encarna Javier Milei. En rigor, fue Milei la enorme sorpresa de la jornada, porque logr\u00f3 resultados que ni las encuestas ni las elecciones provinciales previas hab\u00edan anticipado. Fue, por lejos, el candidato m\u00e1s votado. El partido libertario ser\u00e1 en los pr\u00f3ximos cuatro a\u00f1os, si repite en octubre los resultados de ayer, un protagonista clave de la gobernabilidad del pa\u00eds. En efecto, si esos n\u00fameros se renuevan dentro de dos meses, Milei estar\u00e1 en una segunda vuelta contra Patricia Bullrich, aunque debe aceptarse tambi\u00e9n que la elecci\u00f3n de ayer de Juntos por el Cambio fue realmente mala. Estuvo lejos del 40 por ciento de los votos, para hablar de cifras redondas, que cosech\u00f3 en 2015, 2017, 2019 y 2021.<\/p>\n\n\n\n<p>De igual modo, si todo se repitiera en octubre el kirchnerismo habr\u00e1 quedado relegado a un humillante tercer puesto. Ser\u00eda la conclusi\u00f3n definitiva de un ciclo pol\u00edtico que dur\u00f3 20 a\u00f1os. Sin embargo, lo que m\u00e1s preocupaba anoche a muchos sectores del \u201cc\u00edrculo rojo\u201d, seg\u00fan la etiqueta que le puso Mauricio Macri, es c\u00f3mo y qui\u00e9n gobernar\u00e1 el pa\u00eds durante los pr\u00f3ximos cuatro meses que quedan de mandato de Alberto Fern\u00e1ndez. El hombre fuerte de la administraci\u00f3n es, al mismo tiempo, el candidato Massa, relegado a mero espectador de trofeos ajenos.<\/p>\n\n\n\n<p>Milei significa en s\u00ed mismo la expresi\u00f3n de un voto protesta, pero la baja participaci\u00f3n de la sociedad en la convocatoria electoral constituy\u00f3 tambi\u00e9n otro s\u00edntoma de la reprobaci\u00f3n social a una dirigencia social demasiado entretenida en sus propios conflictos. Ayer particip\u00f3 solo el 69 por ciento del electorado, la m\u00e1s baja participaci\u00f3n en elecciones presidenciales desde 1983. En aquella elecci\u00f3n de hace 40 a\u00f1os fue a votar el 85,61 por ciento del electorado. De la \u00faltima elecci\u00f3n primaria presidencial, la de 2019, particip\u00f3 el 76,40 por ciento, casi el 8 por ciento m\u00e1s del electorado que se comprometi\u00f3 ayer con el primer paso para elegir a un nuevo presidente. Se puede concluir que la mayor dosis de protesta estuvo dirigida hacia el Gobierno, simplemente porque es el Gobierno, pero tambi\u00e9n es cierto que la oposici\u00f3n cambiemita estuvo en el centro de la censura social.<\/p>\n\n\n\n<p>C\u00f3mo y qui\u00e9n gobernar\u00e1 el pa\u00eds durante los pr\u00f3ximos cuatro meses que quedan de mandato de Alberto Fern\u00e1ndez. El hombre fuerte de la administraci\u00f3n es, al mismo tiempo, el candidato Massa, relegado a mero espectador de trofeos ajenos.<\/p>\n\n\n\n<p>Desde 2021, cuando Juntos por el Cambio gan\u00f3 ampliamente las elecciones legislativas de ese a\u00f1o, sus dirigentes no han hecho m\u00e1s que discutir sobre cu\u00e1l de ellos ser\u00eda el pr\u00f3ximo presidente. Doble error: dieron por ganada una elecci\u00f3n dos a\u00f1os antes de que se realizara y perdieron el inter\u00e9s en los problemas de la gente com\u00fan. Esa fue, al menos, la apariencia, que es lo que importa en pol\u00edtica. Mientras la oposici\u00f3n m\u00e1s seria se divert\u00eda con sus cosas, Milei creci\u00f3 con el voto de los j\u00f3venes de clase media y media alta y tambi\u00e9n con los j\u00f3venes marginales del conurbano bonaerense. Ninguno sabe de categor\u00edas pol\u00edticas o muy pocos de ellos las conocen. Milei es obra, al mismo tiempo, de una moda pol\u00edtica que suele instalarse en la juventud apol\u00edtica en un pa\u00eds raro, donde los j\u00f3venes de 16 a\u00f1os no pueden ser juzgados por algunos delitos, pero pueden elegir al presidente de la Naci\u00f3n.<\/p>\n\n\n\n<p>De todos modos, ausentismo y Milei son expresiones cabales del hartazgo social con la dirigencia pol\u00edtica en general. No debemos olvidar que fueron elecciones que se realizaron en un territorio geogr\u00e1fico con una inflaci\u00f3n de entre el 120 y el 140 por ciento anual, con la mitad de su sociedad bajo la l\u00ednea de la pobreza y con recientes seis muertos por el gatillo f\u00e1cil de los delincuentes en apenas 48 horas. Bolsillos vac\u00edos y el miedo a morir o a ver morir a familiares y amigos es una mezcla necesariamente peligrosa para cualquier estirpe pol\u00edtica.<\/p>\n\n\n\n<p>Si esos n\u00fameros se renuevan dentro de dos meses, Milei estar\u00e1 en una segunda vuelta contra Bullrich, aunque debe aceptarse tambi\u00e9n que la elecci\u00f3n de ayer de JxC fue realmente mala. Estuvo lejos del 40 por ciento de los votos que cosech\u00f3 en 2015, 2017, 2019 y 2021<\/p>\n\n\n\n<p>El ministro a cargo de esa econom\u00eda es Sergio Massa, un candidato devaluado, tan devaluado como el peso argentino y como el gobierno que \u00e9l acept\u00f3 representar en las elecciones primarias. El ministro-candidato debi\u00f3 enfrentar una elecci\u00f3n despu\u00e9s de una semana en la que todas las noticias, tanto econ\u00f3micas como las que alarm\u00f3 la inseguridad, fueron p\u00e9simas.<\/p>\n\n\n\n<p>Debe reconocerse al mismo tiempo que el fen\u00f3meno Javier Milei fren\u00f3 a los candidatos de Juntos por el Cambio y, sobre todo, le impidi\u00f3 a Patricia Bullrich sacarle una ventaja mayor a su contrincante en la coalici\u00f3n opositora, Horacio Rodr\u00edguez Larreta. El alcalde capitalino perdi\u00f3 en la propia Capital que gobierna frente a Bullrich, lo que significa, se lo mire por donde se lo mire, una anomal\u00eda pol\u00edtica sin precedentes. Es la consecuencia, en parte, de las elecciones concurrentes, que resultaron un desastre sin paliativos. Rodr\u00edguez Larreta orden\u00f3 que los porte\u00f1os votaran por primera vez el mismo d\u00eda para autoridades nacionales y locales, pero en elecciones concurrentes. Significa que votaron en el mismo cuarto oscuro, pero con dos sistemas distintos: el de la boleta tradicional para las elecciones nacionales y el voto electr\u00f3nico para los comicios capitalinos.<\/p>\n\n\n\n<p>Muy pocos entendieron algo. Colas interminables de votantes, maquinas que no funcionaron y ciudadanos cansados que terminaron desertando de la votaci\u00f3n. Las elecciones concurrentes las dispuso Rodr\u00edguez Larreta para que Mart\u00edn Lousteau no se sintiera en inferioridad de condiciones frente a su oponente Jorge Macri. Una decisi\u00f3n destinada a conformar a los aparatos pol\u00edticos que no tuvo en cuenta a la gente com\u00fan.<\/p>\n\n\n\n<p>Incre\u00edble osad\u00eda despu\u00e9s de que el ausentismo fuera el gran protagonista de las elecciones provinciales que se realizaron desde febrero pasado. La baja participaci\u00f3n de ayer era previsible. \u00bfPor qu\u00e9 le dieron m\u00e1s argumentos a la indiferencia social? La jueza electoral de la Capital, Mar\u00eda Servini, fue la primera en advertir sobre las numerosas fallas del sistema electr\u00f3nico, que tuvo mejores experiencias en elecciones pasadas. La Capital fue coherente con su historia: Juntos por el Cambio hizo una gran elecci\u00f3n (con m\u00e1s del 55 por ciento de los votos a sus dos candidatos, Jorge Macri y Martin Lousteau), mientras el peronismo se redujo a poco m\u00e1s del 20 por ciento, que es el porcentaje que lo acompa\u00f1\u00f3 siempre en el distrito donde reside el gobierno nacional. Jorge Macri se termin\u00f3 imponiendo contra un candidato del radicalismo, Lousteau, que recurri\u00f3 a las buenas y a las malas artes para hacer su campa\u00f1a electoral. La Capital seguir\u00e1 en manos de Pro, que era el objetivo fundamental tambi\u00e9n del expresidente Mauricio Macri. El exmandatario detestaba la sola idea de que la Capital, donde inaugur\u00f3 el partido pol\u00edtico que lo llev\u00f3 luego a la jefatura del Estado, volviera al poder de los radicales.<\/p>\n\n\n\n<p>Ayer particip\u00f3 solo el 69 por ciento del electorado, la m\u00e1s baja participaci\u00f3n en elecciones presidenciales desde 1983. En aquella elecci\u00f3n de hace 40 a\u00f1os fue a votar el 85,61 por ciento del electorado<\/p>\n\n\n\n<p>Un dato preocupante se instal\u00f3 ayer en Juntos por el Cambio: Axel Kicillof puede ser reelegido como gobernador bonaerense si la elecci\u00f3n de la v\u00edspera se repitiera en octubre. La novedad fue que N\u00e9stor Grindetti result\u00f3 elegido candidato a gobernador por Juntos por el Cambio; perdi\u00f3 la elecci\u00f3n Diego Santilli, que hab\u00eda ganado las legislativas de 2021. Seguramente Grindetti fue arrastrado por la buena elecci\u00f3n de Patricia Bullrich y Santilli sufri\u00f3 la derrota de su candidato presidencial, Rodr\u00edguez Larreta. Pero, \u00bfes posible imaginar un eventual gobierno de Juntos por el Cambio o del propio Milei con la provincia de Buenos Aires gobernada por un kirchnerista de pura cepa, como Kicillof? Un pa\u00eds imprevisible en el mediano plazo y aparentemente ingobernable en el corto qued\u00f3 dibujado cerca de la medianoche.<\/p>\n\n\n\n<p>Rodr\u00edguez Larreta no fue el \u00fanico gobernante que perdi\u00f3 en su distrito. A Massa le ocurri\u00f3 el mismo fracaso en Tigre. Su antiguo protegido y actual enemigo, el ahora intendente de Tigre, Julio Zamora, derrot\u00f3 a la esposa de Massa, Malena Galmarini, en el distrito que el ministro-candidato hab\u00eda convertido en un bien ganancial de su matrimonio. Nunca se terminar\u00e1 de entender por qu\u00e9 los pol\u00edticos corren riesgos innecesarios. \u00bfPara qu\u00e9 necesitaba Massa que su esposa fuera intendente de Tigre? \u00bfDe qu\u00e9 le servir\u00eda en el triunfo o en la derrota para su combate nacional? Si bien lo que sucedi\u00f3 en Tigre fue, quiz\u00e1s, el golpe que m\u00e1s le doli\u00f3 al candidato oficialista, la derrota nacional tiene un mayor significado para Massa. Los resultados nacionales de ayer son en rigor el pron\u00f3stico de su definitivo fracaso como candidato presidencial, aunque debe reconocerse que el paisaje electoral se instal\u00f3 en un territorio muy confuso. Solo se puede colegir que terminar\u00e1n compitiendo Milei y Patricia Bullrich, pero como toda deducci\u00f3n puede resultar un error.<\/p>\n\n\n\n<p>\u00bfEs posible imaginar un eventual gobierno de Juntos por el Cambio o del propio Milei con la provincia de Buenos Aires gobernada por un kirchnerista de pura cepa, como Kicillof?<\/p>\n\n\n\n<p>Es cierto que Patricia Bullrich se transform\u00f3 anoche en la pol\u00edtica argentina con razonables posibilidades de ser la pr\u00f3xima presidenta de la Naci\u00f3n. Es probable que su campa\u00f1a de aqu\u00ed a octubre le permita agrupar a ese 40 por ciento de los votos que Juntos por el Cambio perdi\u00f3. Su primera tarea ser\u00e1 la de retener los votos que obtuvo Rodr\u00edguez Larreta. Ella tendr\u00e1 en ese sentido menos trabajo que el que le hubiera tocado al alcalde capitalino, porque los votos de Bullrich pod\u00edan fugarse hacia Milei. Es improbable que quien vot\u00f3 por Rodr\u00edguez Larreta lo haga despu\u00e9s por Milei; son opciones antit\u00e9ticas. Pero Bullrich no deber\u00eda ignorar ni subestimar a los que votaron por su ya ex contrincante, porque seguramente buscaron una pol\u00edtica m\u00e1s serena. Un pa\u00eds m\u00e1s tranquilo.<\/p>\n\n\n\n<p>La sociedad argentina vive demasiadas guerras (contra la inflaci\u00f3n insoportable, contra el narcotr\u00e1fico impune, contra el robo sin alma) como para aceptar que le prometan una nueva. Nadie deber\u00eda desde\u00f1ar, con todo, que una mayor\u00eda de la sociedad aspira a un cambio profundo de los paradigmas pol\u00edticos que prevalecieron hasta ahora, que es lo que prometen tanto Bullrich como Milei. Cambios en la administraci\u00f3n de los recursos del Estado, en la pol\u00edtica exterior, en la relaci\u00f3n con los inversores, en la conservaci\u00f3n del orden p\u00fablico y en lucha contra el narcotr\u00e1fico y la delincuencia. Si se suman el ausentismo y los votos a favor del cambio que prometieron Milei y Bullrich, ayer venci\u00f3 un clamor social para que nada en adelante sea igual a como fue.<\/p>\n","protected":false},"excerpt":{"rendered":"<p>Una vasta y profunda protesta social se alz\u00f3 ayer con la victoria. El Gobierno qued\u00f3 atrapado dentro de una pinza conformada por la oposici\u00f3n cl\u00e1sica de Juntos por el Cambio y por la oposici\u00f3n rupturista del sistema que encarna Javier Milei. En rigor, fue Milei la enorme sorpresa de la jornada, porque logr\u00f3 resultados que [&hellip;]<\/p>\n","protected":false},"author":2,"featured_media":44070,"comment_status":"open","ping_status":"open","sticky":false,"template":"","format":"standard","meta":{"tdm_status":"","tdm_grid_status":"","_joinchat":[],"footnotes":""},"categories":[71],"tags":[],"class_list":{"0":"post-62966","1":"post","2":"type-post","3":"status-publish","4":"format-standard","5":"has-post-thumbnail","7":"category-columnistas"},"amp_enabled":true,"_links":{"self":[{"href":"https:\/\/www.todoeldia.com\/index.php\/wp-json\/wp\/v2\/posts\/62966","targetHints":{"allow":["GET"]}}],"collection":[{"href":"https:\/\/www.todoeldia.com\/index.php\/wp-json\/wp\/v2\/posts"}],"about":[{"href":"https:\/\/www.todoeldia.com\/index.php\/wp-json\/wp\/v2\/types\/post"}],"author":[{"embeddable":true,"href":"https:\/\/www.todoeldia.com\/index.php\/wp-json\/wp\/v2\/users\/2"}],"replies":[{"embeddable":true,"href":"https:\/\/www.todoeldia.com\/index.php\/wp-json\/wp\/v2\/comments?post=62966"}],"version-history":[{"count":1,"href":"https:\/\/www.todoeldia.com\/index.php\/wp-json\/wp\/v2\/posts\/62966\/revisions"}],"predecessor-version":[{"id":62967,"href":"https:\/\/www.todoeldia.com\/index.php\/wp-json\/wp\/v2\/posts\/62966\/revisions\/62967"}],"wp:featuredmedia":[{"embeddable":true,"href":"https:\/\/www.todoeldia.com\/index.php\/wp-json\/wp\/v2\/media\/44070"}],"wp:attachment":[{"href":"https:\/\/www.todoeldia.com\/index.php\/wp-json\/wp\/v2\/media?parent=62966"}],"wp:term":[{"taxonomy":"category","embeddable":true,"href":"https:\/\/www.todoeldia.com\/index.php\/wp-json\/wp\/v2\/categories?post=62966"},{"taxonomy":"post_tag","embeddable":true,"href":"https:\/\/www.todoeldia.com\/index.php\/wp-json\/wp\/v2\/tags?post=62966"}],"curies":[{"name":"wp","href":"https:\/\/api.w.org\/{rel}","templated":true}]}}