{"id":62971,"date":"2023-08-14T15:21:30","date_gmt":"2023-08-14T18:21:30","guid":{"rendered":"https:\/\/www.todoeldia.com\/?p=62971"},"modified":"2023-08-14T15:21:31","modified_gmt":"2023-08-14T18:21:31","slug":"los-chats-entre-alberto-y-cristina-que-terminaron-de-ungir-a-sergio-massa-por-luciana-geuna","status":"publish","type":"post","link":"https:\/\/www.todoeldia.com\/index.php\/2023\/08\/14\/los-chats-entre-alberto-y-cristina-que-terminaron-de-ungir-a-sergio-massa-por-luciana-geuna\/","title":{"rendered":"Los chats entre Alberto y Cristina que terminaron de ungir a Sergio Massa. Por Luciana Geuna"},"content":{"rendered":"\n<p>La relaci\u00f3n entre el Presidente y la Vice toc\u00f3 fondo despu\u00e9s de la salida de Mart\u00edn Guzm\u00e1n. La historia tendr\u00e1 un nuevo cap\u00edtulo ma\u00f1ana, cuando el ministro de Econom\u00eda se enfrente al voto popular. El sue\u00f1o oculto del actual jefe de Estado.<\/p>\n\n\n\n<p>El 11 de diciembre Cristina Fern\u00e1ndez de Kirchner quedar\u00e1, como ella dispuso al no ser candidata, sin fueros y con una condena de seis a\u00f1os pendiente de an\u00e1lisis por la C\u00e1mara de Casaci\u00f3n. \u00bfIr\u00e1 presa? El Presidente cree que s\u00ed. \u201cDos o tres a\u00f1os de prisi\u00f3n domiciliaria parecen inevitables\u201d, suele decir.<\/p>\n\n\n\n<p>Lector obsesivo de fallos judiciales, Alberto Fern\u00e1ndez comenta en su c\u00edrculo chico que ley\u00f3 de principio a fin la sentencia del Tribunal que la juzg\u00f3. En su intimidad asegura que \u201cest\u00e1 bien escrito pero no bien fundado\u201d. \u201cOmite un sin fin de datos del proceso para construir un relato\u201d. En esta coyuntura judicial, opina, la suerte de Cristina est\u00e1 echada.<\/p>\n\n\n\n<p>Con otra perspectiva muy distinta, imagina para s\u00ed mismo un futuro m\u00e1s luminoso. Trabajando en un peronismo -que sue\u00f1a no kirchnerista-, volviendo a su estudio jur\u00eddico y dejando el departamento de Puerto Madero, que todav\u00eda usa permanentemente, para mudarse con su familia y sus tres perros a un lugar de la zona norte del conurbano. \u00bfSer\u00e1 as\u00ed?<\/p>\n\n\n\n<p>El despacho presidencial es una muestra clara del v\u00ednculo entre Alberto Fern\u00e1ndez y CFK<\/p>\n\n\n\n<p>Hay dos mesas donde se apoyan sus afectos, por un lado, y sus referentes pol\u00edticos, por el otro: en un costado, portarretratos con fotos junto a Fabiola el d\u00eda de su asunci\u00f3n; con su beb\u00e9 Francisco y con su hijx Dyhzy. En el otro, N\u00e9stor Kirchner aparece en un marco grande, pegado a una foto de Jos\u00e9 \u201cPepe\u201d Mujica, el expresidente de Uruguay rodeados por im\u00e1genes de las Madres y Abuelas. No est\u00e1 Cristina en ning\u00fan lado. Ni siquiera una instant\u00e1nea del d\u00eda de la asunci\u00f3n.<\/p>\n\n\n\n<p>Entre los dos no hay m\u00e1s encuentros sonrientes con t\u00e9 de dulce de leche para ella y de menta para \u00e9l. Su rutina s\u00f3lo incluye rencores y saludos protocolares por Telegram para cumplea\u00f1os, fiestas y d\u00eda del padre y de la madre.<\/p>\n\n\n\n<p>\u201cCampeones del cinismo\u201d, dicen a su alrededor. El a\u00f1o pasado, Cristina le mand\u00f3 de regalo un libro \u201cimperdible\u201d en palabras de ella: Diario de una temporada en el quinto piso, del exfuncionario alfonsinista Juan Carlos Torre. Todo lo que toca esa relaci\u00f3n se enreda. Alberto ley\u00f3 que era un mensaje donde le recordaba que el gobierno de Alfons\u00edn no termin\u00f3 y que a \u00e9l podr\u00eda pasarle lo mismo. Le escribi\u00f3 por chat que conoc\u00eda de cerca esa temporada en el Ministerio de Econom\u00eda porque trabajaba en Legales para Sorrouille. Cristina le recomend\u00f3 que lo leyera igual. \u00c9l lo hizo y marc\u00f3 uno a uno los p\u00e1rrafos que le resultaron interesantes, sobre todo los que ten\u00edan que ver con las negociaciones con el FMI. \u201cTe mando esta captura del libro. \u00bfViste que dice que era imprescindible acordar?\u201d, le escribe. Ella sistem\u00e1ticamente le clava el visto.<\/p>\n\n\n\n<p>Alberto y Cristina saben que la historia de su Gobierno ser\u00e1 la historia de la relaci\u00f3n t\u00f3xica que construyeron. Ese ensayo mal ejecutado tiene fecha de caducidad y faltan apenas cuatro meses. Para ese final, el Presidente s\u00f3lo tiene una obsesi\u00f3n: \u201cTerminar con la forma de ejercer el poder del kirchnerismo\u201d, dice cada vez que puede cuid\u00e1ndose de no repetir aquella frase filtrada de un off que neg\u00f3 en p\u00fablico y que le gener\u00f3 m\u00e1s problemas (\u201chay que terminar con 20 a\u00f1os de kirchnerismo\u201d).<\/p>\n\n\n\n<p>Al final de su mandato, juzga que \u201cpor la personalidad de ella, el kirchnerismo se achic\u00f3 much\u00edsimo. Nadie quiere a La C\u00e1mpora y ella ahora s\u00f3lo es la C\u00e1mpora\u201d. No hace falta adivinar que su v\u00ednculo con M\u00e1ximo es todav\u00eda peor. Sostiene AF en sus reuniones: \u201cM\u00e1ximo me desilusion\u00f3 mucho. Pensaba que era parecido a N\u00e9stor, que pensaba como N\u00e9stor, pero no\u201d.<\/p>\n\n\n\n<p>Ni Alberto ni Cristina estuvieron en esta campa\u00f1a<\/p>\n\n\n\n<p>El Presidente cree que es lo mejor: \u201cella divide cuando aparece, expulsa. Y yo, si no sumo, no aparezco\u201d. Todo indica que el objetivo mayor de su gesti\u00f3n termin\u00f3 siendo intentar dejar un kirchnerismo m\u00e1s limitado, menos poderoso. Por eso, vaticina que Sergio Massa no tendr\u00e1 sus problemas \u201cvinculares\u201d con Cristina si ocurre la milagrosa ecuaci\u00f3n que le permita ser Presidente con una inflaci\u00f3n del 115%. Una peligrosa condici\u00f3n de confundir deseo con realidad. Ese an\u00e1lisis no incluye la empat\u00eda que Massa supo construir con la Vice y con su hijo.<\/p>\n\n\n\n<p>El \u00faltimo encuentro entre los dos fue en la inauguraci\u00f3n del Gasoducto N\u00e9stor Kirchner, una peque\u00f1\u00edsima convivencia que tiene m\u00e1s secretos de los que se conocen. Lo que se vio no deja dudas: Alberto decidi\u00f3 poner cara de fastidio, ella lo ignor\u00f3. \u201cCristina habl\u00f3 de su Gobierno, yo habl\u00e9 del m\u00edo\u201d, dijo AF a sus funcionarios al volver. \u201cNo se miraron nunca a los ojos durante todo el d\u00eda\u201d, cuentan quienes estaban ah\u00ed. Aunque parezca una cursiler\u00eda, hay que hacer un esfuerzo grande para compartir foto, combi, escenario sin mirarse a la cara.<\/p>\n\n\n\n<p>A d\u00edas de las PASO, el Presidente todav\u00eda no acepta que apenas despu\u00e9s de lanzar la f\u00f3rmula presidencial Massa-Rossi, Cristina usara la recuperaci\u00f3n de la aeronave de los vuelos de la muerte para criticarlo y decir que su candidato era Wado. Ni hablar de que el acto se hizo justo en el \u00fanico d\u00eda que \u00e9l no pod\u00eda estar porque viajaba a Brasil a ver a Lula por los 200 a\u00f1os de las relaciones diplom\u00e1ticas entre los dos pa\u00edses. \u201cElla no est\u00e1 bien. si no, no se explica las cosas que hace\u201d, dice cuando le preguntan.<\/p>\n\n\n\n<p>Esta relaci\u00f3n tiene un hito que nadie negar\u00e1. El d\u00eda que se acord\u00f3 con el FMI y Cristina estaba en Honduras. Seg\u00fan suele reconstruir el Presidente, aquel di\u00e1logo telef\u00f3nico para informarle la definici\u00f3n, no tuvo retorno: CFK: \u201cNo estoy de acuerdo. Es un error. No digas p\u00fablicamente que yo apoyo esto porque no lo apoyo. Y algo m\u00e1s: sab\u00e9 que por este acuerdo vos no vas a terminar tu mandato. Vos vas a terminar como Alfons\u00edn\u201d. Dicen que Alberto cort\u00f3 el tel\u00e9fono.<\/p>\n\n\n\n<p>El resto es historia. A 120 d\u00edas del final, con un pa\u00eds en crisis, coqueteando siempre con la tragedia, esta f\u00f3rmula presidencial s\u00f3lo puede mostrar que fueron un proyecto que nunca iba a funcionar.<\/p>\n\n\n\n<p>Bonus track: cambio de ministros de Econom\u00eda<\/p>\n\n\n\n<p>El di\u00e1logo fue imperdible. El 3 de julio del a\u00f1o pasado, la renuncia de Mart\u00edn Guzm\u00e1n provoc\u00f3 el punto m\u00e1s alto de inestabilidad del Gobierno en un contexto en el que AF y CFK no se hablaban desde hac\u00eda mucho. Se sabe que intermedi\u00f3 Estela de Carlotto para que el Presidente llamara a su Vice. Ac\u00e1 abajo el di\u00e1logo reconstruido con protagonistas y testigos de esta conversaci\u00f3n:<\/p>\n\n\n\n<p>AF: A la \u00fanica que tengo es a Batakis<\/p>\n\n\n\n<p>CFK: No digas que yo apoyo su designaci\u00f3n. Batakis va a durar cinco d\u00edas. \u00bfPor qu\u00e9 no pon\u00e9s a \u00c1lvarez Agis? (por el economista que fue funcionario durante la gesti\u00f3n de CFK). \u00c9l es la persona.<\/p>\n\n\n\n<p>AF: \u00c9l dice que nuestra mala relaci\u00f3n no ayuda para ser ministro.<\/p>\n\n\n\n<p>CFK: Por favor, yo lo llamo y va a decir que s\u00ed. Dame cinco minutos.<\/p>\n\n\n\n<p>(cinco minutos despu\u00e9s)<\/p>\n\n\n\n<p>CFK: Ten\u00edas raz\u00f3n. Llam\u00e1 a Batakis. Agis es un hijo de p&#8230;<\/p>\n","protected":false},"excerpt":{"rendered":"<p>La relaci\u00f3n entre el Presidente y la Vice toc\u00f3 fondo despu\u00e9s de la salida de Mart\u00edn Guzm\u00e1n. La historia tendr\u00e1 un nuevo cap\u00edtulo ma\u00f1ana, cuando el ministro de Econom\u00eda se enfrente al voto popular. El sue\u00f1o oculto del actual jefe de Estado. El 11 de diciembre Cristina Fern\u00e1ndez de Kirchner quedar\u00e1, como ella dispuso al [&hellip;]<\/p>\n","protected":false},"author":2,"featured_media":62972,"comment_status":"open","ping_status":"open","sticky":false,"template":"","format":"standard","meta":{"tdm_status":"","tdm_grid_status":"","_joinchat":[],"footnotes":""},"categories":[71],"tags":[],"class_list":{"0":"post-62971","1":"post","2":"type-post","3":"status-publish","4":"format-standard","5":"has-post-thumbnail","7":"category-columnistas"},"amp_enabled":true,"_links":{"self":[{"href":"https:\/\/www.todoeldia.com\/index.php\/wp-json\/wp\/v2\/posts\/62971","targetHints":{"allow":["GET"]}}],"collection":[{"href":"https:\/\/www.todoeldia.com\/index.php\/wp-json\/wp\/v2\/posts"}],"about":[{"href":"https:\/\/www.todoeldia.com\/index.php\/wp-json\/wp\/v2\/types\/post"}],"author":[{"embeddable":true,"href":"https:\/\/www.todoeldia.com\/index.php\/wp-json\/wp\/v2\/users\/2"}],"replies":[{"embeddable":true,"href":"https:\/\/www.todoeldia.com\/index.php\/wp-json\/wp\/v2\/comments?post=62971"}],"version-history":[{"count":1,"href":"https:\/\/www.todoeldia.com\/index.php\/wp-json\/wp\/v2\/posts\/62971\/revisions"}],"predecessor-version":[{"id":62973,"href":"https:\/\/www.todoeldia.com\/index.php\/wp-json\/wp\/v2\/posts\/62971\/revisions\/62973"}],"wp:featuredmedia":[{"embeddable":true,"href":"https:\/\/www.todoeldia.com\/index.php\/wp-json\/wp\/v2\/media\/62972"}],"wp:attachment":[{"href":"https:\/\/www.todoeldia.com\/index.php\/wp-json\/wp\/v2\/media?parent=62971"}],"wp:term":[{"taxonomy":"category","embeddable":true,"href":"https:\/\/www.todoeldia.com\/index.php\/wp-json\/wp\/v2\/categories?post=62971"},{"taxonomy":"post_tag","embeddable":true,"href":"https:\/\/www.todoeldia.com\/index.php\/wp-json\/wp\/v2\/tags?post=62971"}],"curies":[{"name":"wp","href":"https:\/\/api.w.org\/{rel}","templated":true}]}}