{"id":62983,"date":"2023-08-14T17:34:42","date_gmt":"2023-08-14T20:34:42","guid":{"rendered":"https:\/\/www.todoeldia.com\/?p=62983"},"modified":"2023-08-14T17:34:43","modified_gmt":"2023-08-14T20:34:43","slug":"el-gobierno-apuesta-a-la-campana-del-miedo-si-milei-hace-lo-que-dijo-van-a-tener-muertos-y-sangre","status":"publish","type":"post","link":"https:\/\/www.todoeldia.com\/index.php\/2023\/08\/14\/el-gobierno-apuesta-a-la-campana-del-miedo-si-milei-hace-lo-que-dijo-van-a-tener-muertos-y-sangre\/","title":{"rendered":"El Gobierno apuesta a la campa\u00f1a del miedo: \u201cSi Milei hace lo que dijo, van a tener muertos y sangre\u201d"},"content":{"rendered":"\n<p>El ministro de Seguridad asegur\u00f3 que el plan de gobierno del l\u00edder libertario s\u00f3lo cierra \u201ccon represi\u00f3n\u201d.<\/p>\n\n\n\n<p>El gobierno nacional retom\u00f3 este lunes la campa\u00f1a del miedo al asegurar que las propuestas de Javier Milei, el gran ganador de las elecciones PASO 2023, podr\u00edan generar \u201cmuertos y sangre\u201d en caso de ser llevadas a la pr\u00e1ctica.<\/p>\n\n\n\n<p>Entrevistado por la radio cordobesa Cadena3, el ministro de Seguridad, An\u00edbal Fern\u00e1ndez, retom\u00f3 un an\u00e1lisis que ya hab\u00eda hecho meses atr\u00e1s y al ser consultado sobre las implicancias de una eventual victoria en octubre de la Libertad Avanza, desarroll\u00f3: \u201cSi lo que ellos dijeron es lo que van a hacer, esto s\u00f3lo cierra con represi\u00f3n\u201d. \u201cVan a tener muertos, van a tener sangre\u201d, agreg\u00f3.<\/p>\n\n\n\n<p>Milei gan\u00f3 las elecciones PASO con el 30% de los votos. Super\u00f3 a Juntos por el Cambio, que super\u00f3 los 28 puntos y dej\u00f3 tercero al oficialismo, que ascendi\u00f3 a 27 al dirimir su interna entre Sergio Massa y Juan Grabois.<\/p>\n\n\n\n<p>Pese al escenario sombr\u00edo que dejaron las internas para el oficialismo, Fern\u00e1ndez se mostr\u00f3 expectante ante la posibilidad de una victoria del ministro de Econom\u00eda en las elecciones generales de octubre.<\/p>\n\n\n\n<p>\u201c\u00bfC\u00f3mo no va a estar el peronismo en el balotaje? Uno tiene que trabajar para concitar la atenci\u00f3n del electorado\u201d, analiz\u00f3.<\/p>\n\n\n\n<p>Y reflexion\u00f3: \u201cSi por el camino que se inici\u00f3, no se conquist\u00f3 ese pensamiento, hay que mirarlo con mucho detenimiento para volver a la carga y volver a proponerle lo que realmente sentimos y esperar que nos responda de la manera adecuada para acompa\u00f1ar\u201d.<\/p>\n\n\n\n<p>Luego de los resultados en las PASO, el Gobierno devalu\u00f3 el peso. El tipo de cambio oficial subi\u00f3 22,45% y se ofrece a $365,50 en el Banco Naci\u00f3n. En el segmento mayorista, se vende a 350 pesos. La devaluaci\u00f3n tendr\u00e1 un efecto inmediato no s\u00f3lo en las cotizaciones paralelas del d\u00f3lar, sino tambi\u00e9n en la inflaci\u00f3n y en otras variables clave de la econom\u00eda.<\/p>\n\n\n\n<p>En las elecciones generales del 22 de octubre, Milei enfrentar\u00e1 a Patricia Bullrich, ganadora de la primaria de Juntos por el Cambio, y a Massa. Para ser ungido como presidente en primera vuelta debe superar el 40% de los votos y obtener una diferencia superior al 10% con respecto a su perseguidor inmediato.<\/p>\n","protected":false},"excerpt":{"rendered":"<p>El ministro de Seguridad asegur\u00f3 que el plan de gobierno del l\u00edder libertario s\u00f3lo cierra \u201ccon represi\u00f3n\u201d. El gobierno nacional retom\u00f3 este lunes la campa\u00f1a del miedo al asegurar que las propuestas de Javier Milei, el gran ganador de las elecciones PASO 2023, podr\u00edan generar \u201cmuertos y sangre\u201d en caso de ser llevadas a la [&hellip;]<\/p>\n","protected":false},"author":2,"featured_media":62984,"comment_status":"open","ping_status":"open","sticky":false,"template":"","format":"standard","meta":{"tdm_status":"","tdm_grid_status":"","_joinchat":[],"footnotes":""},"categories":[59],"tags":[],"class_list":{"0":"post-62983","1":"post","2":"type-post","3":"status-publish","4":"format-standard","5":"has-post-thumbnail","7":"category-politica"},"amp_enabled":true,"_links":{"self":[{"href":"https:\/\/www.todoeldia.com\/index.php\/wp-json\/wp\/v2\/posts\/62983","targetHints":{"allow":["GET"]}}],"collection":[{"href":"https:\/\/www.todoeldia.com\/index.php\/wp-json\/wp\/v2\/posts"}],"about":[{"href":"https:\/\/www.todoeldia.com\/index.php\/wp-json\/wp\/v2\/types\/post"}],"author":[{"embeddable":true,"href":"https:\/\/www.todoeldia.com\/index.php\/wp-json\/wp\/v2\/users\/2"}],"replies":[{"embeddable":true,"href":"https:\/\/www.todoeldia.com\/index.php\/wp-json\/wp\/v2\/comments?post=62983"}],"version-history":[{"count":1,"href":"https:\/\/www.todoeldia.com\/index.php\/wp-json\/wp\/v2\/posts\/62983\/revisions"}],"predecessor-version":[{"id":62985,"href":"https:\/\/www.todoeldia.com\/index.php\/wp-json\/wp\/v2\/posts\/62983\/revisions\/62985"}],"wp:featuredmedia":[{"embeddable":true,"href":"https:\/\/www.todoeldia.com\/index.php\/wp-json\/wp\/v2\/media\/62984"}],"wp:attachment":[{"href":"https:\/\/www.todoeldia.com\/index.php\/wp-json\/wp\/v2\/media?parent=62983"}],"wp:term":[{"taxonomy":"category","embeddable":true,"href":"https:\/\/www.todoeldia.com\/index.php\/wp-json\/wp\/v2\/categories?post=62983"},{"taxonomy":"post_tag","embeddable":true,"href":"https:\/\/www.todoeldia.com\/index.php\/wp-json\/wp\/v2\/tags?post=62983"}],"curies":[{"name":"wp","href":"https:\/\/api.w.org\/{rel}","templated":true}]}}