{"id":63045,"date":"2023-08-15T19:16:31","date_gmt":"2023-08-15T22:16:31","guid":{"rendered":"https:\/\/www.todoeldia.com\/?p=63045"},"modified":"2023-08-15T19:16:34","modified_gmt":"2023-08-15T22:16:34","slug":"un-ciclista-paralimpico-sin-manos-recibio-un-reloj-pulsera-de-premio-en-el-mundial-de-glasgow-su-ingeniosa-reaccion","status":"publish","type":"post","link":"https:\/\/www.todoeldia.com\/index.php\/2023\/08\/15\/un-ciclista-paralimpico-sin-manos-recibio-un-reloj-pulsera-de-premio-en-el-mundial-de-glasgow-su-ingeniosa-reaccion\/","title":{"rendered":"Un ciclista paral\u00edmpico sin manos recibi\u00f3 un reloj pulsera de premio en el Mundial de Glasgow: su ingeniosa reacci\u00f3n"},"content":{"rendered":"\n<p>El espa\u00f1ol Ricardo Ten obtuvo cuatro medallas de oro en dicha competencia y recibi\u00f3 un premio que gener\u00f3 pol\u00e9mica en redes, aunque \u00e9l se mostr\u00f3 feliz y respondi\u00f3 con humor.<\/p>\n\n\n\n<p>Una escena en el S\u00faper Mundial de Ciclismo 2023 que se disput\u00f3 en la ciudad de Glasgow (Reino Unido) gener\u00f3 una gran indignaci\u00f3n. En la habitual que entrega de premios, donde los ganadores tambi\u00e9n suelen recibir regalos de los patrocinadores del evento, el atleta paral\u00edmpico espa\u00f1ol Ricardo Ten fue condecorado con un reloj de lujo y las im\u00e1genes generaron una enorme indignaci\u00f3n porque no tiene brazos. No obstante, \u00e9l tuvo una reacci\u00f3n que revolucion\u00f3 las redes sociales.<\/p>\n\n\n\n<figure class=\"wp-block-embed is-type-video is-provider-youtube wp-block-embed-youtube wp-embed-aspect-16-9 wp-has-aspect-ratio\"><div class=\"wp-block-embed__wrapper\">\n<div class=\"youtube-embed\" data-video_id=\"\"><iframe loading=\"lazy\" title=\"Ciclista paral\u00edmpico espa\u00f1ol sin brazos, recibe un reloj como premio en el Mundial de Glasgow 2023\" width=\"696\" height=\"392\" src=\"https:\/\/www.youtube.com\/embed\/-e7Lf5zUNwM?feature=oembed&#038;enablejsapi=1\" frameborder=\"0\" allow=\"accelerometer; autoplay; clipboard-write; encrypted-media; gyroscope; picture-in-picture; web-share\" allowfullscreen><\/iframe><\/div>\n<\/div><\/figure>\n\n\n\n<p>A Ricardo Ten, de 47 a\u00f1os, le amputaron ambos brazos hasta la altura del codo y tambi\u00e9n una pierna tras sufrir un grave accidente cuando era ni\u00f1o: toc\u00f3 unos cables de alto voltaje y el 75% de su cuerpo qued\u00f3 con quemaduras de tercer grado.<\/p>\n\n\n\n<p>Aquella desgracia no le impidi\u00f3 convertirse en un famoso atleta (primero en nataci\u00f3n adaptada y ahora en ciclismo) que represent\u00f3 a Espa\u00f1a en seis Juegos Paral\u00edmpicos y sue\u00f1a con la s\u00e9ptima participaci\u00f3n en Par\u00eds 2024.<\/p>\n\n\n\n<figure class=\"wp-block-image size-full is-resized\"><img loading=\"lazy\" decoding=\"async\" src=\"https:\/\/www.todoeldia.com\/wp-content\/uploads\/2023\/08\/image-152.png\" alt=\"\" class=\"wp-image-63047\" style=\"width:1035px;height:432px\" width=\"1035\" height=\"432\"\/><\/figure>\n\n\n\n<p><strong>Ricardo Ten celebra con una de las medallas de oro obtenidas en Glasgow<\/strong><\/p>\n\n\n\n<p>En Glasgow, donde conquist\u00f3 cuatro medallas de oro, Ten recibi\u00f3 un reloj especial de la marca de suiza Tissot tras ganar la prueba de scratch C1, en la que super\u00f3 a sus competidores con una velocidad promedio de 44 km\/h para convertirse en campe\u00f3n del mundo. Su video recibiendo la caja con el reloj fue muy criticado por usuarios de las redes sociales y varios medios de comunicaci\u00f3n en todo el mundo.<\/p>\n\n\n\n<p>Tras la ola de reclamos y comentarios negativos, Ricardo Ten sali\u00f3 a silenciarlos con gran sentido del humor. \u201cGracias Tissot por creer en este s\u00faper mundo de inclusi\u00f3n\u201d, escribi\u00f3 desde su cuenta de Twitter, donde public\u00f3 un video en el que le preguntan qu\u00e9 hora es y muestra el reloj colocado en el mu\u00f1\u00f3n de su brazo izquierdo.<\/p>\n","protected":false},"excerpt":{"rendered":"<p>El espa\u00f1ol Ricardo Ten obtuvo cuatro medallas de oro en dicha competencia y recibi\u00f3 un premio que gener\u00f3 pol\u00e9mica en redes, aunque \u00e9l se mostr\u00f3 feliz y respondi\u00f3 con humor. Una escena en el S\u00faper Mundial de Ciclismo 2023 que se disput\u00f3 en la ciudad de Glasgow (Reino Unido) gener\u00f3 una gran indignaci\u00f3n. En la [&hellip;]<\/p>\n","protected":false},"author":2,"featured_media":63046,"comment_status":"open","ping_status":"open","sticky":false,"template":"","format":"standard","meta":{"tdm_status":"","tdm_grid_status":"","_joinchat":[],"footnotes":""},"categories":[73],"tags":[],"class_list":{"0":"post-63045","1":"post","2":"type-post","3":"status-publish","4":"format-standard","5":"has-post-thumbnail","7":"category-noticias-general"},"amp_enabled":true,"_links":{"self":[{"href":"https:\/\/www.todoeldia.com\/index.php\/wp-json\/wp\/v2\/posts\/63045","targetHints":{"allow":["GET"]}}],"collection":[{"href":"https:\/\/www.todoeldia.com\/index.php\/wp-json\/wp\/v2\/posts"}],"about":[{"href":"https:\/\/www.todoeldia.com\/index.php\/wp-json\/wp\/v2\/types\/post"}],"author":[{"embeddable":true,"href":"https:\/\/www.todoeldia.com\/index.php\/wp-json\/wp\/v2\/users\/2"}],"replies":[{"embeddable":true,"href":"https:\/\/www.todoeldia.com\/index.php\/wp-json\/wp\/v2\/comments?post=63045"}],"version-history":[{"count":1,"href":"https:\/\/www.todoeldia.com\/index.php\/wp-json\/wp\/v2\/posts\/63045\/revisions"}],"predecessor-version":[{"id":63048,"href":"https:\/\/www.todoeldia.com\/index.php\/wp-json\/wp\/v2\/posts\/63045\/revisions\/63048"}],"wp:featuredmedia":[{"embeddable":true,"href":"https:\/\/www.todoeldia.com\/index.php\/wp-json\/wp\/v2\/media\/63046"}],"wp:attachment":[{"href":"https:\/\/www.todoeldia.com\/index.php\/wp-json\/wp\/v2\/media?parent=63045"}],"wp:term":[{"taxonomy":"category","embeddable":true,"href":"https:\/\/www.todoeldia.com\/index.php\/wp-json\/wp\/v2\/categories?post=63045"},{"taxonomy":"post_tag","embeddable":true,"href":"https:\/\/www.todoeldia.com\/index.php\/wp-json\/wp\/v2\/tags?post=63045"}],"curies":[{"name":"wp","href":"https:\/\/api.w.org\/{rel}","templated":true}]}}