{"id":63049,"date":"2023-08-15T20:55:41","date_gmt":"2023-08-15T23:55:41","guid":{"rendered":"https:\/\/www.todoeldia.com\/?p=63049"},"modified":"2023-08-15T20:55:42","modified_gmt":"2023-08-15T23:55:42","slug":"detienen-a-11-delincuentes-que-integraban-tres-bandas-dedicas-al-robo-de-motos-en-oran","status":"publish","type":"post","link":"https:\/\/www.todoeldia.com\/index.php\/2023\/08\/15\/detienen-a-11-delincuentes-que-integraban-tres-bandas-dedicas-al-robo-de-motos-en-oran\/","title":{"rendered":"Detienen a 11 delincuentes que integraban tres bandas dedicas al robo de motos en Or\u00e1n"},"content":{"rendered":"\n<p>Once personas fueron detenidas e imputadas en diecinueve allanamientos realizados en el norte de la provincia. Est\u00e1n vinculadas a tres grupos que, de forma conjunta y organizada, sustra\u00edan motocicletas en la zona y las llevaban hacia Jujuy, Chaco y Bolivia, donde incluso las habr\u00edan intercambiado por drogas.<\/p>\n\n\n\n<p>La fiscal penal 2 de Or\u00e1n, Mariana Torres, imput\u00f3 a 10 hombres mayores de edad, de entre 21 y 40 a\u00f1os, como autores de los delitos de robo agravado por la sustracci\u00f3n de veh\u00edculo dejado en la v\u00eda p\u00fablica y asociaci\u00f3n il\u00edcita agravados por la intervenci\u00f3n de menor de edad en concurso real y a un menor de 17 a\u00f1os como autor del delito de robo agravado por la sustracci\u00f3n de veh\u00edculo dejado en la v\u00eda p\u00fablica y asociaci\u00f3n il\u00edcita en concurso real.<\/p>\n\n\n\n<p>Tras la audiencia de imputaci\u00f3n, la fiscal Torres solicit\u00f3 al Juzgado de Garant\u00edas 2 de ese distrito que los acusados permanezcan detenidos.<\/p>\n\n\n\n<figure class=\"wp-block-image size-large\"><img loading=\"lazy\" decoding=\"async\" width=\"1024\" height=\"575\" src=\"https:\/\/www.todoeldia.com\/wp-content\/uploads\/2023\/03\/allanamientos-en-progreso-1024x575.jpeg\" alt=\"\" class=\"wp-image-54305\" srcset=\"https:\/\/www.todoeldia.com\/wp-content\/uploads\/2023\/03\/allanamientos-en-progreso-1024x575.jpeg 1024w, https:\/\/www.todoeldia.com\/wp-content\/uploads\/2023\/03\/allanamientos-en-progreso-300x169.jpeg 300w, https:\/\/www.todoeldia.com\/wp-content\/uploads\/2023\/03\/allanamientos-en-progreso-768x431.jpeg 768w, https:\/\/www.todoeldia.com\/wp-content\/uploads\/2023\/03\/allanamientos-en-progreso-696x391.jpeg 696w, https:\/\/www.todoeldia.com\/wp-content\/uploads\/2023\/03\/allanamientos-en-progreso-1068x600.jpeg 1068w, https:\/\/www.todoeldia.com\/wp-content\/uploads\/2023\/03\/allanamientos-en-progreso-748x420.jpeg 748w, https:\/\/www.todoeldia.com\/wp-content\/uploads\/2023\/03\/allanamientos-en-progreso.jpeg 1100w\" sizes=\"auto, (max-width: 1024px) 100vw, 1024px\" \/><\/figure>\n\n\n\n<p>Luego de una minuciosa investigaci\u00f3n de la Brigada de Investigaciones de Or\u00e1n en relaci\u00f3n a la sustracci\u00f3n de motocicletas en la zona, se pudo identificar a los acusados como sospechosos y tras 19 allanamientos realizados en domicilios vinculados, se produjo la detenci\u00f3n de 11 personas y el secuestro de dinero, plantas de marihuana, motocicletas, dos veh\u00edculos y otros elementos de inter\u00e9s para la causa.<\/p>\n\n\n\n<p>La modalidad de trabajo de este grupo organizado consist\u00eda en la sustracci\u00f3n de moto veh\u00edculos de la v\u00eda p\u00fablica en Salta, Or\u00e1n y Jujuy y el posterior traslado hacia Bolivia y Chaco su venta y\/o intercambio por drogas.<\/p>\n\n\n\n<p>La fiscal se\u00f1al\u00f3 que la investigaci\u00f3n contin\u00faa su curso y que se encuentran en cumplimiento numerosas medidas tendientes a identificar a otros posibles participantes de la actividad il\u00edcita.<\/p>\n","protected":false},"excerpt":{"rendered":"<p>Once personas fueron detenidas e imputadas en diecinueve allanamientos realizados en el norte de la provincia. Est\u00e1n vinculadas a tres grupos que, de forma conjunta y organizada, sustra\u00edan motocicletas en la zona y las llevaban hacia Jujuy, Chaco y Bolivia, donde incluso las habr\u00edan intercambiado por drogas. La fiscal penal 2 de Or\u00e1n, Mariana Torres, [&hellip;]<\/p>\n","protected":false},"author":2,"featured_media":58048,"comment_status":"open","ping_status":"open","sticky":false,"template":"","format":"standard","meta":{"tdm_status":"","tdm_grid_status":"","_joinchat":[],"footnotes":""},"categories":[63],"tags":[],"class_list":{"0":"post-63049","1":"post","2":"type-post","3":"status-publish","4":"format-standard","5":"has-post-thumbnail","7":"category-policiales"},"amp_enabled":true,"_links":{"self":[{"href":"https:\/\/www.todoeldia.com\/index.php\/wp-json\/wp\/v2\/posts\/63049","targetHints":{"allow":["GET"]}}],"collection":[{"href":"https:\/\/www.todoeldia.com\/index.php\/wp-json\/wp\/v2\/posts"}],"about":[{"href":"https:\/\/www.todoeldia.com\/index.php\/wp-json\/wp\/v2\/types\/post"}],"author":[{"embeddable":true,"href":"https:\/\/www.todoeldia.com\/index.php\/wp-json\/wp\/v2\/users\/2"}],"replies":[{"embeddable":true,"href":"https:\/\/www.todoeldia.com\/index.php\/wp-json\/wp\/v2\/comments?post=63049"}],"version-history":[{"count":1,"href":"https:\/\/www.todoeldia.com\/index.php\/wp-json\/wp\/v2\/posts\/63049\/revisions"}],"predecessor-version":[{"id":63050,"href":"https:\/\/www.todoeldia.com\/index.php\/wp-json\/wp\/v2\/posts\/63049\/revisions\/63050"}],"wp:featuredmedia":[{"embeddable":true,"href":"https:\/\/www.todoeldia.com\/index.php\/wp-json\/wp\/v2\/media\/58048"}],"wp:attachment":[{"href":"https:\/\/www.todoeldia.com\/index.php\/wp-json\/wp\/v2\/media?parent=63049"}],"wp:term":[{"taxonomy":"category","embeddable":true,"href":"https:\/\/www.todoeldia.com\/index.php\/wp-json\/wp\/v2\/categories?post=63049"},{"taxonomy":"post_tag","embeddable":true,"href":"https:\/\/www.todoeldia.com\/index.php\/wp-json\/wp\/v2\/tags?post=63049"}],"curies":[{"name":"wp","href":"https:\/\/api.w.org\/{rel}","templated":true}]}}