{"id":63054,"date":"2023-08-15T21:03:40","date_gmt":"2023-08-16T00:03:40","guid":{"rendered":"https:\/\/www.todoeldia.com\/?p=63054"},"modified":"2023-08-15T21:04:01","modified_gmt":"2023-08-16T00:04:01","slug":"robo-dos-telefonos-en-cachi-y-de-uno-de-ellos-hizo-varias-transferencias-de-dinero","status":"publish","type":"post","link":"https:\/\/www.todoeldia.com\/index.php\/2023\/08\/15\/robo-dos-telefonos-en-cachi-y-de-uno-de-ellos-hizo-varias-transferencias-de-dinero\/","title":{"rendered":"Robo dos tel\u00e9fonos en Cachi y de uno de ellos hizo varias transferencias de dinero"},"content":{"rendered":"\n<p>El hombre fue condenado a cumplimiento de prisi\u00f3n efectiva, revoc\u00e1ndose la condicionalidad de una condena anterior y fij\u00e1ndose una \u00fanica pena.<\/p>\n\n\n\n<p>El fiscal penal de Cachi, Daniel Escalante, represent\u00f3 al Ministerio P\u00fablico Fiscal ante el Tribunal designado por la Oficina de Gesti\u00f3n Judicial de Garant\u00edas, en la audiencia multiprop\u00f3sito, por acuerdo de juicio abreviado contra Fernando Agust\u00edn Fern\u00e1ndez, de 47 a\u00f1os, como autor de los delitos de hurto simple (dos hechos) y estafa, en concurso real.<\/p>\n\n\n\n<p>La jueza de Garant\u00edas 2, Mar\u00eda Victoria Montoya Quiroga, previa conformidad de las partes damnificadas, conden\u00f3 al acusado a la pena de 2 meses de prisi\u00f3n efectiva, revoc\u00f3 la condicionalidad de la condena impuesta por el Juzgado de Garant\u00edas 7, de enero de 2023, y fij\u00f3 la pena \u00fanica de 1 a\u00f1o y 2 meses de prisi\u00f3n de ejecuci\u00f3n efectiva.<\/p>\n\n\n\n<p>Ambos hechos sucedieron en junio pasado, cuando el acusado, aprovechando el descuido de las denunciantes, les sustrajo los tel\u00e9fonos celulares. De uno de los dispositivos realiz\u00f3 varias transferencias de dinero.<\/p>\n\n\n\n<p>La Jueza, adem\u00e1s, ofici\u00f3 a la Alcaid\u00eda General a fin de que se proceda al traslado inmediato del condenado a esa dependencia.<\/p>\n","protected":false},"excerpt":{"rendered":"<p>El hombre fue condenado a cumplimiento de prisi\u00f3n efectiva, revoc\u00e1ndose la condicionalidad de una condena anterior y fij\u00e1ndose una \u00fanica pena. El fiscal penal de Cachi, Daniel Escalante, represent\u00f3 al Ministerio P\u00fablico Fiscal ante el Tribunal designado por la Oficina de Gesti\u00f3n Judicial de Garant\u00edas, en la audiencia multiprop\u00f3sito, por acuerdo de juicio abreviado contra [&hellip;]<\/p>\n","protected":false},"author":2,"featured_media":60355,"comment_status":"open","ping_status":"open","sticky":false,"template":"","format":"standard","meta":{"tdm_status":"","tdm_grid_status":"","_joinchat":[],"footnotes":""},"categories":[63,1],"tags":[],"class_list":{"0":"post-63054","1":"post","2":"type-post","3":"status-publish","4":"format-standard","5":"has-post-thumbnail","7":"category-policiales","8":"category-sin-categoria"},"amp_enabled":true,"_links":{"self":[{"href":"https:\/\/www.todoeldia.com\/index.php\/wp-json\/wp\/v2\/posts\/63054","targetHints":{"allow":["GET"]}}],"collection":[{"href":"https:\/\/www.todoeldia.com\/index.php\/wp-json\/wp\/v2\/posts"}],"about":[{"href":"https:\/\/www.todoeldia.com\/index.php\/wp-json\/wp\/v2\/types\/post"}],"author":[{"embeddable":true,"href":"https:\/\/www.todoeldia.com\/index.php\/wp-json\/wp\/v2\/users\/2"}],"replies":[{"embeddable":true,"href":"https:\/\/www.todoeldia.com\/index.php\/wp-json\/wp\/v2\/comments?post=63054"}],"version-history":[{"count":1,"href":"https:\/\/www.todoeldia.com\/index.php\/wp-json\/wp\/v2\/posts\/63054\/revisions"}],"predecessor-version":[{"id":63055,"href":"https:\/\/www.todoeldia.com\/index.php\/wp-json\/wp\/v2\/posts\/63054\/revisions\/63055"}],"wp:featuredmedia":[{"embeddable":true,"href":"https:\/\/www.todoeldia.com\/index.php\/wp-json\/wp\/v2\/media\/60355"}],"wp:attachment":[{"href":"https:\/\/www.todoeldia.com\/index.php\/wp-json\/wp\/v2\/media?parent=63054"}],"wp:term":[{"taxonomy":"category","embeddable":true,"href":"https:\/\/www.todoeldia.com\/index.php\/wp-json\/wp\/v2\/categories?post=63054"},{"taxonomy":"post_tag","embeddable":true,"href":"https:\/\/www.todoeldia.com\/index.php\/wp-json\/wp\/v2\/tags?post=63054"}],"curies":[{"name":"wp","href":"https:\/\/api.w.org\/{rel}","templated":true}]}}