{"id":63056,"date":"2023-08-15T21:13:32","date_gmt":"2023-08-16T00:13:32","guid":{"rendered":"https:\/\/www.todoeldia.com\/?p=63056"},"modified":"2023-08-15T21:13:37","modified_gmt":"2023-08-16T00:13:37","slug":"los-inadaptados-de-siempre-nuevamente-hirieron-a-un-tucan-en-metan","status":"publish","type":"post","link":"https:\/\/www.todoeldia.com\/index.php\/2023\/08\/15\/los-inadaptados-de-siempre-nuevamente-hirieron-a-un-tucan-en-metan\/","title":{"rendered":"Los inadaptados de siempre: nuevamente hirieron a un tuc\u00e1n en Metan"},"content":{"rendered":"\n<p>Un vecino dio aviso a las autoridades sobre el animalito herido en inmediaciones de G\u00fcemes y Alfredo Palacios. Gracias al r\u00e1pido accionar de Protecci\u00f3n Civil el mismo fue trasladado para ser atendido por el veterinario Federico Toledo, quien luego de supervisarlo confirmo que el animalito hab\u00eda sido herido por un bal\u00edn de aire comprimido.<\/p>\n\n\n\n<p>Un vecino dio aviso a las autoridades sobre la presencia de un peque\u00f1o tuc\u00e1n aparentemente herido, ya que el mismo no pod\u00eda volar y se encontraba deambulando sobre inmediaciones de calle G\u00fcemes y Alfredo Palacios del barrio Libertad.<\/p>\n\n\n\n<p>Personal de Protecci\u00f3n Civil fue a socorrer a la peque\u00f1a ave y trasladarla al centro de atenci\u00f3n del veterinario Federico Toledo, quien luego de examinarla confirmo que el mismo hab\u00eda sido herido por un proyectil de un aire comprimido.<\/p>\n\n\n\n<p>El animalito fue trasladado a la capital salte\u00f1a donde es asistido y se recupera bajo el cuidado de la veterinaria Milagros Esqui\u00fa.<\/p>\n\n\n\n<p>Por su parte Natalia Chancalay, quien se dedica a la preservaci\u00f3n de estos animales, ante esta situaci\u00f3n manifest\u00f3: &#8220;Espero que las agresiones hac\u00eda los tucanes desaparezcan de una vez por todas, es lamentable lo que hacen con estos peque\u00f1os animalitos, ellos son indefensos, no hacen mal a nadie, solo bajan a la zona urbana en busca de comida ya que nosotros cada vez atacamos o poblamos su habitad natural, espero que la gente tome conciencia del gran da\u00f1o que hacen y causan&#8221;.<\/p>\n\n\n\n<p>El Vocero<\/p>\n","protected":false},"excerpt":{"rendered":"<p>Un vecino dio aviso a las autoridades sobre el animalito herido en inmediaciones de G\u00fcemes y Alfredo Palacios. Gracias al r\u00e1pido accionar de Protecci\u00f3n Civil el mismo fue trasladado para ser atendido por el veterinario Federico Toledo, quien luego de supervisarlo confirmo que el animalito hab\u00eda sido herido por un bal\u00edn de aire comprimido. Un [&hellip;]<\/p>\n","protected":false},"author":2,"featured_media":63057,"comment_status":"open","ping_status":"open","sticky":false,"template":"","format":"standard","meta":{"tdm_status":"","tdm_grid_status":"","_joinchat":[],"footnotes":""},"categories":[73],"tags":[],"class_list":{"0":"post-63056","1":"post","2":"type-post","3":"status-publish","4":"format-standard","5":"has-post-thumbnail","7":"category-noticias-general"},"amp_enabled":true,"_links":{"self":[{"href":"https:\/\/www.todoeldia.com\/index.php\/wp-json\/wp\/v2\/posts\/63056","targetHints":{"allow":["GET"]}}],"collection":[{"href":"https:\/\/www.todoeldia.com\/index.php\/wp-json\/wp\/v2\/posts"}],"about":[{"href":"https:\/\/www.todoeldia.com\/index.php\/wp-json\/wp\/v2\/types\/post"}],"author":[{"embeddable":true,"href":"https:\/\/www.todoeldia.com\/index.php\/wp-json\/wp\/v2\/users\/2"}],"replies":[{"embeddable":true,"href":"https:\/\/www.todoeldia.com\/index.php\/wp-json\/wp\/v2\/comments?post=63056"}],"version-history":[{"count":1,"href":"https:\/\/www.todoeldia.com\/index.php\/wp-json\/wp\/v2\/posts\/63056\/revisions"}],"predecessor-version":[{"id":63058,"href":"https:\/\/www.todoeldia.com\/index.php\/wp-json\/wp\/v2\/posts\/63056\/revisions\/63058"}],"wp:featuredmedia":[{"embeddable":true,"href":"https:\/\/www.todoeldia.com\/index.php\/wp-json\/wp\/v2\/media\/63057"}],"wp:attachment":[{"href":"https:\/\/www.todoeldia.com\/index.php\/wp-json\/wp\/v2\/media?parent=63056"}],"wp:term":[{"taxonomy":"category","embeddable":true,"href":"https:\/\/www.todoeldia.com\/index.php\/wp-json\/wp\/v2\/categories?post=63056"},{"taxonomy":"post_tag","embeddable":true,"href":"https:\/\/www.todoeldia.com\/index.php\/wp-json\/wp\/v2\/tags?post=63056"}],"curies":[{"name":"wp","href":"https:\/\/api.w.org\/{rel}","templated":true}]}}