{"id":64654,"date":"2023-09-12T12:29:27","date_gmt":"2023-09-12T15:29:27","guid":{"rendered":"https:\/\/www.todoeldia.com\/?p=64654"},"modified":"2023-09-12T12:39:06","modified_gmt":"2023-09-12T15:39:06","slug":"murio-un-vecino-de-pichanal-en-un-accidente-en-calilegua","status":"publish","type":"post","link":"https:\/\/www.todoeldia.com\/index.php\/2023\/09\/12\/murio-un-vecino-de-pichanal-en-un-accidente-en-calilegua\/","title":{"rendered":"Muri\u00f3 un vecino de Pichanal en un accidente en Calilegua"},"content":{"rendered":"\n<p>El choque entre un cami\u00f3n con acoplado y un autom\u00f3vil Fiat Siena color gris sobre la ruta nacional 34 en el ramal juje\u00f1o, dej\u00f3 el saldo tr\u00e1gico de una muerte siendo vecino de la localidad de Pichanal, adem\u00e1s otras personas fueron trasladadas en estado cr\u00edtico.<\/p>\n\n\n\n<figure class=\"wp-block-image size-full is-resized\"><img loading=\"lazy\" decoding=\"async\" src=\"https:\/\/www.todoeldia.com\/wp-content\/uploads\/2023\/09\/image-101.png\" alt=\"\" class=\"wp-image-64658\" style=\"width:915px;height:562px\" width=\"915\" height=\"562\" srcset=\"https:\/\/www.todoeldia.com\/wp-content\/uploads\/2023\/09\/image-101.png 868w, https:\/\/www.todoeldia.com\/wp-content\/uploads\/2023\/09\/image-101-300x184.png 300w, https:\/\/www.todoeldia.com\/wp-content\/uploads\/2023\/09\/image-101-768x472.png 768w, https:\/\/www.todoeldia.com\/wp-content\/uploads\/2023\/09\/image-101-696x427.png 696w, https:\/\/www.todoeldia.com\/wp-content\/uploads\/2023\/09\/image-101-684x420.png 684w, https:\/\/www.todoeldia.com\/wp-content\/uploads\/2023\/09\/image-101-356x220.png 356w\" sizes=\"auto, (max-width: 915px) 100vw, 915px\" \/><\/figure>\n\n\n\n<p>De acuerdo a la informaci\u00f3n del medio SomosJujuy.com, nuevamente las rutas juje\u00f1as registraron un tr\u00e1gico siniestro vial en la madrugada de este martes. El hecho se produjo aproximadamente a las 2 de la ma\u00f1ana en la localidad de Calilegua. Un hombre muri\u00f3 tras impactar su auto con un cami\u00f3n.<\/p>\n\n\n\n<p>El resto de los ocupantes del auto fueron trasladados en estado cr\u00edtico hacia el hospital local. Adem\u00e1s, en el accidente tambi\u00e9n muri\u00f3 la mascota del conductor.<\/p>\n\n\n\n<figure class=\"wp-block-image size-full is-resized\"><img loading=\"lazy\" decoding=\"async\" src=\"https:\/\/www.todoeldia.com\/wp-content\/uploads\/2023\/09\/image-102.png\" alt=\"\" class=\"wp-image-64660\" style=\"width:914px;height:522px\" width=\"914\" height=\"522\"\/><\/figure>\n\n\n\n<p>Seg\u00fan pudo saber Somos Jujuy, un cami\u00f3n con acoplado y un auto protagonizaron el siniestro. Cerca de las 2 de la ma\u00f1ana, un auto marca Fiat Siena de color gris, impact\u00f3 con un cami\u00f3n con acoplado sobre Ruta Nacional 34 a la altura del Hotel California Suites.<\/p>\n\n\n\n<p>Por el fuerte impacto, el veh\u00edculo de menor porte termin\u00f3 con todo el frente da\u00f1ado en su totalidad por lo que la primera informaci\u00f3n precis\u00f3 que el conductor perdi\u00f3 la vida al instante junto a su perro que tambi\u00e9n viajaba en el rodado.<\/p>\n\n\n\n<p>Adem\u00e1s, confirmaron a nuestro medio que el resto de los ocupantes, que a\u00fan se desconoce la identidad, fueron trasladados al hospital local y uno de ellos revest\u00eda un estado cr\u00edtico.<\/p>\n","protected":false},"excerpt":{"rendered":"<p>El choque entre un cami\u00f3n con acoplado y un autom\u00f3vil Fiat Siena color gris sobre la ruta nacional 34 en el ramal juje\u00f1o, dej\u00f3 el saldo tr\u00e1gico de una muerte siendo vecino de la localidad de Pichanal, adem\u00e1s otras personas fueron trasladadas en estado cr\u00edtico. De acuerdo a la informaci\u00f3n del medio SomosJujuy.com, nuevamente las [&hellip;]<\/p>\n","protected":false},"author":2,"featured_media":64655,"comment_status":"open","ping_status":"open","sticky":false,"template":"","format":"standard","meta":{"tdm_status":"","tdm_grid_status":"","_joinchat":[],"footnotes":""},"categories":[63],"tags":[],"class_list":{"0":"post-64654","1":"post","2":"type-post","3":"status-publish","4":"format-standard","5":"has-post-thumbnail","7":"category-policiales"},"amp_enabled":true,"_links":{"self":[{"href":"https:\/\/www.todoeldia.com\/index.php\/wp-json\/wp\/v2\/posts\/64654","targetHints":{"allow":["GET"]}}],"collection":[{"href":"https:\/\/www.todoeldia.com\/index.php\/wp-json\/wp\/v2\/posts"}],"about":[{"href":"https:\/\/www.todoeldia.com\/index.php\/wp-json\/wp\/v2\/types\/post"}],"author":[{"embeddable":true,"href":"https:\/\/www.todoeldia.com\/index.php\/wp-json\/wp\/v2\/users\/2"}],"replies":[{"embeddable":true,"href":"https:\/\/www.todoeldia.com\/index.php\/wp-json\/wp\/v2\/comments?post=64654"}],"version-history":[{"count":3,"href":"https:\/\/www.todoeldia.com\/index.php\/wp-json\/wp\/v2\/posts\/64654\/revisions"}],"predecessor-version":[{"id":64661,"href":"https:\/\/www.todoeldia.com\/index.php\/wp-json\/wp\/v2\/posts\/64654\/revisions\/64661"}],"wp:featuredmedia":[{"embeddable":true,"href":"https:\/\/www.todoeldia.com\/index.php\/wp-json\/wp\/v2\/media\/64655"}],"wp:attachment":[{"href":"https:\/\/www.todoeldia.com\/index.php\/wp-json\/wp\/v2\/media?parent=64654"}],"wp:term":[{"taxonomy":"category","embeddable":true,"href":"https:\/\/www.todoeldia.com\/index.php\/wp-json\/wp\/v2\/categories?post=64654"},{"taxonomy":"post_tag","embeddable":true,"href":"https:\/\/www.todoeldia.com\/index.php\/wp-json\/wp\/v2\/tags?post=64654"}],"curies":[{"name":"wp","href":"https:\/\/api.w.org\/{rel}","templated":true}]}}