{"id":6484,"date":"2020-09-23T09:32:57","date_gmt":"2020-09-23T12:32:57","guid":{"rendered":"https:\/\/www.todoeldia.com\/?p=6484"},"modified":"2020-09-23T09:32:58","modified_gmt":"2020-09-23T12:32:58","slug":"imputaron-a-fermani-por-homicidio-culposo-al-provocar-la-muerte-de-una-menor-de-12-anos","status":"publish","type":"post","link":"https:\/\/www.todoeldia.com\/index.php\/2020\/09\/23\/imputaron-a-fermani-por-homicidio-culposo-al-provocar-la-muerte-de-una-menor-de-12-anos\/","title":{"rendered":"Imputaron a Fermani por homicidio culposo al provocar la muerte de una menor de 12 a\u00f1os"},"content":{"rendered":"\n<p>Alberto Fermani de 66 a\u00f1os, ex intendente de Las Lajitas protagoniz\u00f3 un siniestro vial el pasado viernes sobre ruta provincial 5, donde embisti\u00f3 a una motocicleta que circulaba en el mismo sentido, provocando la muerte de un menor y lesiones de un mayor. Cumple arresto domiciliario con consigna policial.<\/p>\n\n\n\n<p>La&nbsp;fiscal penal de Joaqu\u00edn V. Gonz\u00e1lez, Mar\u00eda Celeste Garc\u00eda Pisacic,&nbsp; lo imput\u00f3 como autor de los delitos de&nbsp;homicidio culposo en accidente de tr\u00e1nsito en perjuicio de un menor de 12 a\u00f1os&nbsp;y lesiones graves culposas en accidente de tr\u00e1nsito&nbsp;en perjuicio de Miguel \u00c1ngel Aguirre, de 37 a\u00f1os.<\/p>\n\n\n\n<p>El hecho&nbsp;ocurri\u00f3 durante las primeras horas del pasado viernes 18 sobre ruta provincial 5,&nbsp;a la altura de finca El Chaparral, distante a 4 km. de la localidad de Coronel Mollinedo.<\/p>\n\n\n\n<p>Seg\u00fan consta en las actuaciones,&nbsp;personal policial que realizaba control vehicular, fue notificado de un siniestro vial sobre la ruta&nbsp;y al llegar al lugar,&nbsp;encontraron al conductor de la camioneta, quien se\u00f1al\u00f3 que cuando circulaba hacia Apolinario Saravia, colision\u00f3 de atr\u00e1s a una motocicleta donde viajaban dos personas.<\/p>\n\n\n\n<p>En las proximidades&nbsp;se encontr\u00f3 una motocicleta y dos hombres tendidos en la banquina.&nbsp;Uno de ellos era un menor de edad,&nbsp;y falleci\u00f3 por las heridas.&nbsp;El otro result\u00f3 con politraumatismos y fracturas, por lo que fue derivado al hospital San Bernardo en la ciudad de Salta.<\/p>\n\n\n\n<p>El conductor fue demorado y su test de alcoholemia revel\u00f3 que no ten\u00eda presencia de alcohol en sangre.<\/p>\n\n\n\n<p>Tras la imputaci\u00f3n,&nbsp;Fermani cumple arresto domiciliario con custodia policial por disposici\u00f3n del juez de Garant\u00edas 1 de la Circunscripci\u00f3n Anta del Distrito Judicial del Sur,&nbsp;Sebasti\u00e1n Guzm\u00e1n Salustros.<\/p>\n","protected":false},"excerpt":{"rendered":"<p>Alberto Fermani de 66 a\u00f1os, ex intendente de Las Lajitas protagoniz\u00f3 un siniestro vial el pasado viernes sobre ruta provincial 5, donde embisti\u00f3 a una motocicleta que circulaba en el mismo sentido, provocando la muerte de un menor y lesiones de un mayor. Cumple arresto domiciliario con consigna policial. La&nbsp;fiscal penal de Joaqu\u00edn V. Gonz\u00e1lez, [&hellip;]<\/p>\n","protected":false},"author":2,"featured_media":6488,"comment_status":"open","ping_status":"open","sticky":false,"template":"","format":"standard","meta":{"tdm_status":"","tdm_grid_status":"","_joinchat":[],"footnotes":""},"categories":[73],"tags":[],"class_list":{"0":"post-6484","1":"post","2":"type-post","3":"status-publish","4":"format-standard","5":"has-post-thumbnail","7":"category-noticias-general"},"amp_enabled":true,"_links":{"self":[{"href":"https:\/\/www.todoeldia.com\/index.php\/wp-json\/wp\/v2\/posts\/6484","targetHints":{"allow":["GET"]}}],"collection":[{"href":"https:\/\/www.todoeldia.com\/index.php\/wp-json\/wp\/v2\/posts"}],"about":[{"href":"https:\/\/www.todoeldia.com\/index.php\/wp-json\/wp\/v2\/types\/post"}],"author":[{"embeddable":true,"href":"https:\/\/www.todoeldia.com\/index.php\/wp-json\/wp\/v2\/users\/2"}],"replies":[{"embeddable":true,"href":"https:\/\/www.todoeldia.com\/index.php\/wp-json\/wp\/v2\/comments?post=6484"}],"version-history":[{"count":1,"href":"https:\/\/www.todoeldia.com\/index.php\/wp-json\/wp\/v2\/posts\/6484\/revisions"}],"predecessor-version":[{"id":6487,"href":"https:\/\/www.todoeldia.com\/index.php\/wp-json\/wp\/v2\/posts\/6484\/revisions\/6487"}],"wp:featuredmedia":[{"embeddable":true,"href":"https:\/\/www.todoeldia.com\/index.php\/wp-json\/wp\/v2\/media\/6488"}],"wp:attachment":[{"href":"https:\/\/www.todoeldia.com\/index.php\/wp-json\/wp\/v2\/media?parent=6484"}],"wp:term":[{"taxonomy":"category","embeddable":true,"href":"https:\/\/www.todoeldia.com\/index.php\/wp-json\/wp\/v2\/categories?post=6484"},{"taxonomy":"post_tag","embeddable":true,"href":"https:\/\/www.todoeldia.com\/index.php\/wp-json\/wp\/v2\/tags?post=6484"}],"curies":[{"name":"wp","href":"https:\/\/api.w.org\/{rel}","templated":true}]}}