{"id":6489,"date":"2020-09-23T09:39:13","date_gmt":"2020-09-23T12:39:13","guid":{"rendered":"https:\/\/www.todoeldia.com\/?p=6489"},"modified":"2020-09-23T09:39:14","modified_gmt":"2020-09-23T12:39:14","slug":"va-juicio-estando-preso-mato-a-otro-reo-en-una-gresca","status":"publish","type":"post","link":"https:\/\/www.todoeldia.com\/index.php\/2020\/09\/23\/va-juicio-estando-preso-mato-a-otro-reo-en-una-gresca\/","title":{"rendered":"Va Juicio: Estando preso mato a otro reo en una gresca"},"content":{"rendered":"\n<p>Carlos Fernando Suica ser\u00e1 llevado a juicio por el homicidio de Arturo Armando Avenda\u00f1o, ocurrido en el mes de enero de este a\u00f1o en el pabell\u00f3n A de la Unidad Carcelaria 1.<\/p>\n\n\n\n<p>El&nbsp;fiscal penal 3 de la Unidad de Graves Atentados contra las Personas, Gustavo Torres Rubelt, requiri\u00f3 juicio para&nbsp;Carlos Fernando Suica de 22 a\u00f1os, como autor del delito de homicidio simple en perjuicio de Arturo Armando Avenda\u00f1o.<\/p>\n\n\n\n<p>El hecho&nbsp;<a href=\"http:\/\/www.fiscalespenalesalta.gob.ar\/no-declaro-el-acusado-del-homicidio-en-el-penal\/\">ocurri\u00f3 el pasado 29 de enero por la tarde en el pabell\u00f3n A de la Unidad Carcelaria 1<\/a>. All\u00ed,&nbsp;ambos internos mantuvieron una gresca y Suica, portando un elemento punzo cortante, lesion\u00f3 a Avenda\u00f1o en la zona del t\u00f3rax.<\/p>\n\n\n\n<p>La v\u00edctima fue trasladada al hospital San Bernardo, donde&nbsp;falleci\u00f3 a causa de shock hipovol\u00e9mico por lesi\u00f3n card\u00edaca grave por arma blanca.<\/p>\n","protected":false},"excerpt":{"rendered":"<p>Carlos Fernando Suica ser\u00e1 llevado a juicio por el homicidio de Arturo Armando Avenda\u00f1o, ocurrido en el mes de enero de este a\u00f1o en el pabell\u00f3n A de la Unidad Carcelaria 1. El&nbsp;fiscal penal 3 de la Unidad de Graves Atentados contra las Personas, Gustavo Torres Rubelt, requiri\u00f3 juicio para&nbsp;Carlos Fernando Suica de 22 a\u00f1os, [&hellip;]<\/p>\n","protected":false},"author":2,"featured_media":6490,"comment_status":"open","ping_status":"open","sticky":false,"template":"","format":"standard","meta":{"tdm_status":"","tdm_grid_status":"","_joinchat":[],"footnotes":""},"categories":[63],"tags":[],"class_list":{"0":"post-6489","1":"post","2":"type-post","3":"status-publish","4":"format-standard","5":"has-post-thumbnail","7":"category-policiales"},"amp_enabled":true,"_links":{"self":[{"href":"https:\/\/www.todoeldia.com\/index.php\/wp-json\/wp\/v2\/posts\/6489","targetHints":{"allow":["GET"]}}],"collection":[{"href":"https:\/\/www.todoeldia.com\/index.php\/wp-json\/wp\/v2\/posts"}],"about":[{"href":"https:\/\/www.todoeldia.com\/index.php\/wp-json\/wp\/v2\/types\/post"}],"author":[{"embeddable":true,"href":"https:\/\/www.todoeldia.com\/index.php\/wp-json\/wp\/v2\/users\/2"}],"replies":[{"embeddable":true,"href":"https:\/\/www.todoeldia.com\/index.php\/wp-json\/wp\/v2\/comments?post=6489"}],"version-history":[{"count":1,"href":"https:\/\/www.todoeldia.com\/index.php\/wp-json\/wp\/v2\/posts\/6489\/revisions"}],"predecessor-version":[{"id":6491,"href":"https:\/\/www.todoeldia.com\/index.php\/wp-json\/wp\/v2\/posts\/6489\/revisions\/6491"}],"wp:featuredmedia":[{"embeddable":true,"href":"https:\/\/www.todoeldia.com\/index.php\/wp-json\/wp\/v2\/media\/6490"}],"wp:attachment":[{"href":"https:\/\/www.todoeldia.com\/index.php\/wp-json\/wp\/v2\/media?parent=6489"}],"wp:term":[{"taxonomy":"category","embeddable":true,"href":"https:\/\/www.todoeldia.com\/index.php\/wp-json\/wp\/v2\/categories?post=6489"},{"taxonomy":"post_tag","embeddable":true,"href":"https:\/\/www.todoeldia.com\/index.php\/wp-json\/wp\/v2\/tags?post=6489"}],"curies":[{"name":"wp","href":"https:\/\/api.w.org\/{rel}","templated":true}]}}