{"id":64919,"date":"2023-09-20T10:14:23","date_gmt":"2023-09-20T13:14:23","guid":{"rendered":"https:\/\/www.todoeldia.com\/?p=64919"},"modified":"2023-09-20T10:14:24","modified_gmt":"2023-09-20T13:14:24","slug":"3-meses-a-la-carcel-por-robar-medidores-de-agua","status":"publish","type":"post","link":"https:\/\/www.todoeldia.com\/index.php\/2023\/09\/20\/3-meses-a-la-carcel-por-robar-medidores-de-agua\/","title":{"rendered":"3 meses a la c\u00e1rcel por robar medidores de agua"},"content":{"rendered":"\n<p>El fiscal Penal N\u00b0 4, Facundo Ruiz de los Llanos, intervino en la audiencia multiprop\u00f3sito que result\u00f3 en una condena para dos hombres que reconocieron su autor\u00eda frente a cargos relacionados con el robo de medidores de agua en perjuicio de una empresa de transporte situada en Villa Mitre y otros damnificados.<\/p>\n\n\n\n<p>El juicio abreviado se llev\u00f3 a cabo en el Juzgado de Garant\u00edas de 7\u00b0 Nominaci\u00f3n y en virtud de este acuerdo, se impuso una pena de tres meses y medio de prisi\u00f3n efectiva al primero de los acusados, quien hab\u00eda sido declarado reincidente por tercera vez. Se orden\u00f3 su traslado a la Unidad Carcelaria N\u00b0 1, donde se le deber\u00e1 brindar tratamiento de rehabilitaci\u00f3n para sus adicciones.<\/p>\n\n\n\n<p>El segundo acusado recibi\u00f3 una pena de tres meses y medio de prisi\u00f3n condicional, ya que se consider\u00f3 como un imputado primario. Se establecieron reglas de conducta, que incluyen constituir domicilio, someterse a tratamiento de rehabilitaci\u00f3n para su adicci\u00f3n, prohibici\u00f3n de acercamiento a los lugares de los hechos, y presentaci\u00f3n ante la Direcci\u00f3n de Inserci\u00f3n y Supervisi\u00f3n Social de Liberados de la Provincia de Salta.<\/p>\n\n\n\n<p>La defensa, en conjunto con los acusados, expres\u00f3 su conformidad con el Juicio Abreviado y sus condiciones, solicitando la liberaci\u00f3n inmediata del segundo acusado.<\/p>\n\n\n\n<p>Por su parte, el apoderado de la empresa de transporte afectada, tambi\u00e9n expres\u00f3 su conformidad con el acuerdo alcanzado. Los otros afectados, no comparecieron.<\/p>\n","protected":false},"excerpt":{"rendered":"<p>El fiscal Penal N\u00b0 4, Facundo Ruiz de los Llanos, intervino en la audiencia multiprop\u00f3sito que result\u00f3 en una condena para dos hombres que reconocieron su autor\u00eda frente a cargos relacionados con el robo de medidores de agua en perjuicio de una empresa de transporte situada en Villa Mitre y otros damnificados. El juicio abreviado [&hellip;]<\/p>\n","protected":false},"author":2,"featured_media":64295,"comment_status":"open","ping_status":"open","sticky":false,"template":"","format":"standard","meta":{"tdm_status":"","tdm_grid_status":"","_joinchat":[],"footnotes":""},"categories":[63],"tags":[],"class_list":{"0":"post-64919","1":"post","2":"type-post","3":"status-publish","4":"format-standard","5":"has-post-thumbnail","7":"category-policiales"},"amp_enabled":true,"_links":{"self":[{"href":"https:\/\/www.todoeldia.com\/index.php\/wp-json\/wp\/v2\/posts\/64919","targetHints":{"allow":["GET"]}}],"collection":[{"href":"https:\/\/www.todoeldia.com\/index.php\/wp-json\/wp\/v2\/posts"}],"about":[{"href":"https:\/\/www.todoeldia.com\/index.php\/wp-json\/wp\/v2\/types\/post"}],"author":[{"embeddable":true,"href":"https:\/\/www.todoeldia.com\/index.php\/wp-json\/wp\/v2\/users\/2"}],"replies":[{"embeddable":true,"href":"https:\/\/www.todoeldia.com\/index.php\/wp-json\/wp\/v2\/comments?post=64919"}],"version-history":[{"count":1,"href":"https:\/\/www.todoeldia.com\/index.php\/wp-json\/wp\/v2\/posts\/64919\/revisions"}],"predecessor-version":[{"id":64920,"href":"https:\/\/www.todoeldia.com\/index.php\/wp-json\/wp\/v2\/posts\/64919\/revisions\/64920"}],"wp:featuredmedia":[{"embeddable":true,"href":"https:\/\/www.todoeldia.com\/index.php\/wp-json\/wp\/v2\/media\/64295"}],"wp:attachment":[{"href":"https:\/\/www.todoeldia.com\/index.php\/wp-json\/wp\/v2\/media?parent=64919"}],"wp:term":[{"taxonomy":"category","embeddable":true,"href":"https:\/\/www.todoeldia.com\/index.php\/wp-json\/wp\/v2\/categories?post=64919"},{"taxonomy":"post_tag","embeddable":true,"href":"https:\/\/www.todoeldia.com\/index.php\/wp-json\/wp\/v2\/tags?post=64919"}],"curies":[{"name":"wp","href":"https:\/\/api.w.org\/{rel}","templated":true}]}}