{"id":64921,"date":"2023-09-20T10:20:29","date_gmt":"2023-09-20T13:20:29","guid":{"rendered":"https:\/\/www.todoeldia.com\/?p=64921"},"modified":"2023-09-20T10:20:32","modified_gmt":"2023-09-20T13:20:32","slug":"fue-a-visitar-a-su-hija-de-17-anos-y-la-encontro-encerrada-y-golpeada-por-su-pareja","status":"publish","type":"post","link":"https:\/\/www.todoeldia.com\/index.php\/2023\/09\/20\/fue-a-visitar-a-su-hija-de-17-anos-y-la-encontro-encerrada-y-golpeada-por-su-pareja\/","title":{"rendered":"Fue a visitar a su hija de 17 a\u00f1os y la encontr\u00f3 encerrada y golpeada por su pareja"},"content":{"rendered":"\n<p>La madre concurri\u00f3 a visitar a su hija de 17 a\u00f1os y, desde la vereda, la escuch\u00f3 gritar. Con la ayuda de un familiar lograron ingresar a la vivienda y encontr\u00f3 a la menor de edad golpeada y ensangrentada.<\/p>\n\n\n\n<p>La fiscal Penal de Violencia Familiar y de G\u00e9nero de Or\u00e1n, Soledad Filtr\u00edn Cuezzo, imput\u00f3 provisionalmente a un hombre de 24 a\u00f1os por los delitos de lesiones leves agravadas por existir relaci\u00f3n de pareja y violencia de g\u00e9nero y privaci\u00f3n ileg\u00edtima de la libertad agravada.<\/p>\n\n\n\n<p>La intervenci\u00f3n del Ministerio P\u00fablico Fiscal inici\u00f3 a ra\u00edz de la denuncia radicada por la madre de una adolescente de 17 a\u00f1os, quien asegur\u00f3 que concurri\u00f3 a visitar a su hija a donde vive con su pareja desde hace seis meses. Precis\u00f3 que, desde la vereda, la escuch\u00f3 gritar por lo que solicit\u00f3 a la madre del hombre que la buscara, pero no obtuvo respuesta. Se\u00f1al\u00f3 que la adolescente no pod\u00eda salir porque estaba encerrada en la habitaci\u00f3n.<\/p>\n\n\n\n<p>La mujer narr\u00f3 que, con ayuda de un familiar, lograron ingresar a la vivienda y vio a su hija ensangrentada, con golpes en la cabeza por lo que pidieron ayuda al Sistema de Emergencias 911. El hombre se dio a la fuga, pero fue capturado por el familiar, que lo retuvo hasta la llegada del m\u00f3vil policial.<\/p>\n\n\n\n<p>La v\u00edctima fue asistida y se realiz\u00f3 el informe m\u00e9dico en el que constan las lesiones sufridas.<\/p>\n","protected":false},"excerpt":{"rendered":"<p>La madre concurri\u00f3 a visitar a su hija de 17 a\u00f1os y, desde la vereda, la escuch\u00f3 gritar. Con la ayuda de un familiar lograron ingresar a la vivienda y encontr\u00f3 a la menor de edad golpeada y ensangrentada. La fiscal Penal de Violencia Familiar y de G\u00e9nero de Or\u00e1n, Soledad Filtr\u00edn Cuezzo, imput\u00f3 provisionalmente [&hellip;]<\/p>\n","protected":false},"author":2,"featured_media":42982,"comment_status":"open","ping_status":"open","sticky":false,"template":"","format":"standard","meta":{"tdm_status":"","tdm_grid_status":"","_joinchat":[],"footnotes":""},"categories":[63],"tags":[],"class_list":{"0":"post-64921","1":"post","2":"type-post","3":"status-publish","4":"format-standard","5":"has-post-thumbnail","7":"category-policiales"},"amp_enabled":true,"_links":{"self":[{"href":"https:\/\/www.todoeldia.com\/index.php\/wp-json\/wp\/v2\/posts\/64921","targetHints":{"allow":["GET"]}}],"collection":[{"href":"https:\/\/www.todoeldia.com\/index.php\/wp-json\/wp\/v2\/posts"}],"about":[{"href":"https:\/\/www.todoeldia.com\/index.php\/wp-json\/wp\/v2\/types\/post"}],"author":[{"embeddable":true,"href":"https:\/\/www.todoeldia.com\/index.php\/wp-json\/wp\/v2\/users\/2"}],"replies":[{"embeddable":true,"href":"https:\/\/www.todoeldia.com\/index.php\/wp-json\/wp\/v2\/comments?post=64921"}],"version-history":[{"count":1,"href":"https:\/\/www.todoeldia.com\/index.php\/wp-json\/wp\/v2\/posts\/64921\/revisions"}],"predecessor-version":[{"id":64922,"href":"https:\/\/www.todoeldia.com\/index.php\/wp-json\/wp\/v2\/posts\/64921\/revisions\/64922"}],"wp:featuredmedia":[{"embeddable":true,"href":"https:\/\/www.todoeldia.com\/index.php\/wp-json\/wp\/v2\/media\/42982"}],"wp:attachment":[{"href":"https:\/\/www.todoeldia.com\/index.php\/wp-json\/wp\/v2\/media?parent=64921"}],"wp:term":[{"taxonomy":"category","embeddable":true,"href":"https:\/\/www.todoeldia.com\/index.php\/wp-json\/wp\/v2\/categories?post=64921"},{"taxonomy":"post_tag","embeddable":true,"href":"https:\/\/www.todoeldia.com\/index.php\/wp-json\/wp\/v2\/tags?post=64921"}],"curies":[{"name":"wp","href":"https:\/\/api.w.org\/{rel}","templated":true}]}}