{"id":64923,"date":"2023-09-20T10:26:01","date_gmt":"2023-09-20T13:26:01","guid":{"rendered":"https:\/\/www.todoeldia.com\/?p=64923"},"modified":"2023-09-20T10:26:03","modified_gmt":"2023-09-20T13:26:03","slug":"concurrio-a-buscar-sus-hijos-y-el-padre-amenazo-con-meterle-una-punalada-si-no-se-quedaba-a-dormir","status":"publish","type":"post","link":"https:\/\/www.todoeldia.com\/index.php\/2023\/09\/20\/concurrio-a-buscar-sus-hijos-y-el-padre-amenazo-con-meterle-una-punalada-si-no-se-quedaba-a-dormir\/","title":{"rendered":"Concurri\u00f3 a buscar sus hijos y el padre amenaz\u00f3 con \u201cmeterle una pu\u00f1alada\u201d si no se quedaba a dormir"},"content":{"rendered":"\n<p>Una mujer denunci\u00f3 que su expareja la amenaz\u00f3 con \u201cmeterle una pu\u00f1alada\u201d si no se quedaba a dormir con \u00e9l.<\/p>\n\n\n\n<p>La fiscal Penal de Violencia Familiar y de G\u00e9nero de Or\u00e1n, Soledad Filtr\u00edn Cuezzo, imput\u00f3 provisionalmente a un hombre de 24 a\u00f1os por los delitos de coacci\u00f3n y desobediencia judicial.<\/p>\n\n\n\n<p>El imputado fue detenido por personal policial que acudi\u00f3 a su domicilio tras la denuncia efectuada por su expareja, quien asegur\u00f3 que el hombre la hab\u00eda amenazado con meterle una pu\u00f1alada\u201d si no se quedaba a dormir con \u00e9l, la hab\u00eda amenazado con un cuchillo y hab\u00eda golpeado a su hija de 7 a\u00f1os cuando intent\u00f3 defenderla.<\/p>\n\n\n\n<p>La v\u00edctima narr\u00f3, adem\u00e1s, que todo comenz\u00f3 cuando ella lleg\u00f3 a retirar a sus hijos de 7 y 2 a\u00f1os y encontr\u00f3 que su expareja se encontraba bajo los efectos de sustancias estupefacientes. Manifest\u00f3 que le exigi\u00f3 que se quedara con \u00e9l y que, ante su negativa, reaccion\u00f3 de manera violenta. Adem\u00e1s, en la Comisar\u00eda explic\u00f3 que logr\u00f3 escapar del lugar con su hija, pero que su hijo hab\u00eda quedado durmiendo en el lugar y tem\u00eda por \u00e9l.<\/p>\n\n\n\n<p>El hombre ten\u00eda medidas de restricci\u00f3n de acercamiento a la v\u00edctima por una denuncia previa por lesiones en contra de la madre de sus hijos.<\/p>\n","protected":false},"excerpt":{"rendered":"<p>Una mujer denunci\u00f3 que su expareja la amenaz\u00f3 con \u201cmeterle una pu\u00f1alada\u201d si no se quedaba a dormir con \u00e9l. La fiscal Penal de Violencia Familiar y de G\u00e9nero de Or\u00e1n, Soledad Filtr\u00edn Cuezzo, imput\u00f3 provisionalmente a un hombre de 24 a\u00f1os por los delitos de coacci\u00f3n y desobediencia judicial. El imputado fue detenido por [&hellip;]<\/p>\n","protected":false},"author":2,"featured_media":27264,"comment_status":"open","ping_status":"open","sticky":false,"template":"","format":"standard","meta":{"tdm_status":"","tdm_grid_status":"","_joinchat":[],"footnotes":""},"categories":[63],"tags":[],"class_list":{"0":"post-64923","1":"post","2":"type-post","3":"status-publish","4":"format-standard","5":"has-post-thumbnail","7":"category-policiales"},"amp_enabled":true,"_links":{"self":[{"href":"https:\/\/www.todoeldia.com\/index.php\/wp-json\/wp\/v2\/posts\/64923","targetHints":{"allow":["GET"]}}],"collection":[{"href":"https:\/\/www.todoeldia.com\/index.php\/wp-json\/wp\/v2\/posts"}],"about":[{"href":"https:\/\/www.todoeldia.com\/index.php\/wp-json\/wp\/v2\/types\/post"}],"author":[{"embeddable":true,"href":"https:\/\/www.todoeldia.com\/index.php\/wp-json\/wp\/v2\/users\/2"}],"replies":[{"embeddable":true,"href":"https:\/\/www.todoeldia.com\/index.php\/wp-json\/wp\/v2\/comments?post=64923"}],"version-history":[{"count":1,"href":"https:\/\/www.todoeldia.com\/index.php\/wp-json\/wp\/v2\/posts\/64923\/revisions"}],"predecessor-version":[{"id":64924,"href":"https:\/\/www.todoeldia.com\/index.php\/wp-json\/wp\/v2\/posts\/64923\/revisions\/64924"}],"wp:featuredmedia":[{"embeddable":true,"href":"https:\/\/www.todoeldia.com\/index.php\/wp-json\/wp\/v2\/media\/27264"}],"wp:attachment":[{"href":"https:\/\/www.todoeldia.com\/index.php\/wp-json\/wp\/v2\/media?parent=64923"}],"wp:term":[{"taxonomy":"category","embeddable":true,"href":"https:\/\/www.todoeldia.com\/index.php\/wp-json\/wp\/v2\/categories?post=64923"},{"taxonomy":"post_tag","embeddable":true,"href":"https:\/\/www.todoeldia.com\/index.php\/wp-json\/wp\/v2\/tags?post=64923"}],"curies":[{"name":"wp","href":"https:\/\/api.w.org\/{rel}","templated":true}]}}