{"id":65009,"date":"2023-09-21T10:31:34","date_gmt":"2023-09-21T13:31:34","guid":{"rendered":"https:\/\/www.todoeldia.com\/?p=65009"},"modified":"2023-09-21T10:31:36","modified_gmt":"2023-09-21T13:31:36","slug":"policia-del-penitenciario-de-oran-rocio-con-alcohol-a-su-pareja-y-amenazo-con-prenderle-fuego","status":"publish","type":"post","link":"https:\/\/www.todoeldia.com\/index.php\/2023\/09\/21\/policia-del-penitenciario-de-oran-rocio-con-alcohol-a-su-pareja-y-amenazo-con-prenderle-fuego\/","title":{"rendered":"Polic\u00eda del Penitenciario de Or\u00e1n roci\u00f3 con alcohol a su pareja y amenaz\u00f3 con prenderle fuego"},"content":{"rendered":"\n<p>La v\u00edctima se present\u00f3 en un Destacamento Policial, pero se neg\u00f3 a denunciarlo. Al regresar a su vivienda, volvi\u00f3 a ser agredida por lo que solicit\u00f3 ayuda al Servicio de Emergencias 911. Finalmente, ayer a la &nbsp;ma\u00f1ana denunci\u00f3 al hombre.<\/p>\n\n\n\n<p>Un agente del Grupo operativo de custodia del Servicio Penitenciario de la Unidad Carcelaria 3 de Or\u00e1n fue detenido e imputado por la fiscal Penal de Violencia Familiar y de G\u00e9nero de Or\u00e1n, Soledad Filtr\u00edn Cuezzo, luego de protagonizar graves hechos de violencia en contra de su pareja.<\/p>\n\n\n\n<p>Seg\u00fan relat\u00f3 la mujer, el 19 de septiembre cerca de las 4 de la tarde, el hombre lleg\u00f3 a la vivienda que comparten y le reclam\u00f3 por una foto que hab\u00eda subido al estado de sus redes sociales. Ello llev\u00f3 a una discusi\u00f3n en la que le arrebat\u00f3 su celular y luego comenz\u00f3 a golpearla, arroj\u00e1ndola en la cama.<\/p>\n\n\n\n<p>La v\u00edctima cont\u00f3 que, tras golpearla, el hombre se retir\u00f3 del hogar para ir en b\u00fasqueda de la hija de 5 a\u00f1os que tienen en com\u00fan, pero a las diez de la noche, volvi\u00f3 a agredirla y a arrojarla sobre la cama, esta vez roci\u00e1ndola y roci\u00e1ndose con una botella de alcohol. Acto seguido, narr\u00f3, intent\u00f3 ahorcarla, se autopropinaba golpes en el rostro y torso y luego se quit\u00f3 la remera, la prendi\u00f3 fuego con un encendedor y se la acercaba mientras le dec\u00eda: \u201cAc\u00e1 nos vamos a morir los dos\u201d.<\/p>\n\n\n\n<p>Luego, el agente penitenciario tom\u00f3 un cable alargador y lo enroll\u00f3 alrededor de su propio cuello e intent\u00f3 lesionarse, momento en que la mujer aprovech\u00f3 para escapar y buscar a su suegra para que calmara al hombre. La v\u00edctima lleg\u00f3 hasta el Destacamento Policial de la zona en la que vive e inform\u00f3 lo que suced\u00eda, neg\u00e1ndose a radicar denuncia en contra del hombre.<\/p>\n\n\n\n<p>Al regresar a su domicilio, nuevamente fue agredida por su pareja por lo que se comunic\u00f3 con el Sistema de Emergencias 911 desde la casa de una vecina, solicitando ayuda.<\/p>\n\n\n\n<p>El hombre fue detenido y asistido, inform\u00e1ndose que presentaba m\u00faltiples excoriaciones hem\u00e1ticas en el rostro y en la zona anterior del t\u00f3rax. El informe m\u00e9dico de la v\u00edctima indica que presenta excoriaciones en ambos brazos.<\/p>\n\n\n\n<p>Finalmente, la mujer radic\u00f3 denuncia en contra de su pareja y asegur\u00f3 que, si bien nunca lo hab\u00eda denunciado, fue v\u00edctima de violencia de g\u00e9nero en numerosas oportunidades.<\/p>\n","protected":false},"excerpt":{"rendered":"<p>La v\u00edctima se present\u00f3 en un Destacamento Policial, pero se neg\u00f3 a denunciarlo. Al regresar a su vivienda, volvi\u00f3 a ser agredida por lo que solicit\u00f3 ayuda al Servicio de Emergencias 911. Finalmente, ayer a la &nbsp;ma\u00f1ana denunci\u00f3 al hombre. Un agente del Grupo operativo de custodia del Servicio Penitenciario de la Unidad Carcelaria 3 [&hellip;]<\/p>\n","protected":false},"author":2,"featured_media":3503,"comment_status":"open","ping_status":"open","sticky":false,"template":"","format":"standard","meta":{"tdm_status":"","tdm_grid_status":"","_joinchat":[],"footnotes":""},"categories":[63],"tags":[],"class_list":{"0":"post-65009","1":"post","2":"type-post","3":"status-publish","4":"format-standard","5":"has-post-thumbnail","7":"category-policiales"},"amp_enabled":true,"_links":{"self":[{"href":"https:\/\/www.todoeldia.com\/index.php\/wp-json\/wp\/v2\/posts\/65009","targetHints":{"allow":["GET"]}}],"collection":[{"href":"https:\/\/www.todoeldia.com\/index.php\/wp-json\/wp\/v2\/posts"}],"about":[{"href":"https:\/\/www.todoeldia.com\/index.php\/wp-json\/wp\/v2\/types\/post"}],"author":[{"embeddable":true,"href":"https:\/\/www.todoeldia.com\/index.php\/wp-json\/wp\/v2\/users\/2"}],"replies":[{"embeddable":true,"href":"https:\/\/www.todoeldia.com\/index.php\/wp-json\/wp\/v2\/comments?post=65009"}],"version-history":[{"count":1,"href":"https:\/\/www.todoeldia.com\/index.php\/wp-json\/wp\/v2\/posts\/65009\/revisions"}],"predecessor-version":[{"id":65010,"href":"https:\/\/www.todoeldia.com\/index.php\/wp-json\/wp\/v2\/posts\/65009\/revisions\/65010"}],"wp:featuredmedia":[{"embeddable":true,"href":"https:\/\/www.todoeldia.com\/index.php\/wp-json\/wp\/v2\/media\/3503"}],"wp:attachment":[{"href":"https:\/\/www.todoeldia.com\/index.php\/wp-json\/wp\/v2\/media?parent=65009"}],"wp:term":[{"taxonomy":"category","embeddable":true,"href":"https:\/\/www.todoeldia.com\/index.php\/wp-json\/wp\/v2\/categories?post=65009"},{"taxonomy":"post_tag","embeddable":true,"href":"https:\/\/www.todoeldia.com\/index.php\/wp-json\/wp\/v2\/tags?post=65009"}],"curies":[{"name":"wp","href":"https:\/\/api.w.org\/{rel}","templated":true}]}}