{"id":65011,"date":"2023-09-21T10:36:10","date_gmt":"2023-09-21T13:36:10","guid":{"rendered":"https:\/\/www.todoeldia.com\/?p=65011"},"modified":"2023-09-21T10:36:13","modified_gmt":"2023-09-21T13:36:13","slug":"le-robo-la-moto-a-su-companera-de-trabajo-para-venderla-porque-no-tenia-plata","status":"publish","type":"post","link":"https:\/\/www.todoeldia.com\/index.php\/2023\/09\/21\/le-robo-la-moto-a-su-companera-de-trabajo-para-venderla-porque-no-tenia-plata\/","title":{"rendered":"Le robo la moto a su compa\u00f1era de trabajo para venderla porque no ten\u00eda plata"},"content":{"rendered":"\n<p>El fiscal Penal 2, Ramiro Ramos Ossorio, imput\u00f3 provisionalmente a un hombre de 26 a\u00f1os de edad, por el presunto delito de hurto calificado, en virtud de los hechos ocurridos el pasado 8 de septiembre.<\/p>\n\n\n\n<p>El incidente tuvo lugar cuando la denunciante, compa\u00f1era de trabajo del acusado, descubri\u00f3 que su motocicleta, hab\u00eda desaparecido al salir de su jornada laboral. El veh\u00edculo se encontraba estacionado en la vereda de una carnicer\u00eda en el Barrio Tres Cerritos.<\/p>\n\n\n\n<p>La investigaci\u00f3n, que comenz\u00f3 a partir de la denuncia revel\u00f3 que el acusado, habr\u00eda aprovechado que la v\u00edctima dej\u00f3 su motocicleta con la llave de ignici\u00f3n colocada para sustraerla y guardarla en su bolsillo. Las pruebas incluyen grabaciones de c\u00e1maras de seguridad, testimonios de testigos y an\u00e1lisis de las filmaciones que muestran al acusado conduciendo la motocicleta. Las autoridades policiales, se dirigieron al domicilio del acusado, para solicitar la devoluci\u00f3n de la motocicleta, pero este se neg\u00f3 rotundamente y exigi\u00f3 una revisi\u00f3n exhaustiva de las c\u00e1maras de seguridad.<\/p>\n\n\n\n<p>Ante esta negativa, el fiscal Ramos Ossorio orden\u00f3 la presencia de una consigna policial en el lugar. Aproximadamente dos horas despu\u00e9s, el acusado sali\u00f3 de su domicilio en la motocicleta, momento en el cual fue detenido, y el veh\u00edculo fue secuestrado.<\/p>\n\n\n\n<p>En la audiencia de imputaci\u00f3n, el acusado finalmente reconoci\u00f3 su participaci\u00f3n en el hecho, expres\u00f3 sus disculpas y admiti\u00f3 que hab\u00eda considerado vender la motocicleta debido a problemas financieros. El hombre no posee antecedentes penales previos.<\/p>\n","protected":false},"excerpt":{"rendered":"<p>El fiscal Penal 2, Ramiro Ramos Ossorio, imput\u00f3 provisionalmente a un hombre de 26 a\u00f1os de edad, por el presunto delito de hurto calificado, en virtud de los hechos ocurridos el pasado 8 de septiembre. El incidente tuvo lugar cuando la denunciante, compa\u00f1era de trabajo del acusado, descubri\u00f3 que su motocicleta, hab\u00eda desaparecido al salir [&hellip;]<\/p>\n","protected":false},"author":2,"featured_media":62939,"comment_status":"open","ping_status":"open","sticky":false,"template":"","format":"standard","meta":{"tdm_status":"","tdm_grid_status":"","_joinchat":[],"footnotes":""},"categories":[63],"tags":[],"class_list":{"0":"post-65011","1":"post","2":"type-post","3":"status-publish","4":"format-standard","5":"has-post-thumbnail","7":"category-policiales"},"amp_enabled":true,"_links":{"self":[{"href":"https:\/\/www.todoeldia.com\/index.php\/wp-json\/wp\/v2\/posts\/65011","targetHints":{"allow":["GET"]}}],"collection":[{"href":"https:\/\/www.todoeldia.com\/index.php\/wp-json\/wp\/v2\/posts"}],"about":[{"href":"https:\/\/www.todoeldia.com\/index.php\/wp-json\/wp\/v2\/types\/post"}],"author":[{"embeddable":true,"href":"https:\/\/www.todoeldia.com\/index.php\/wp-json\/wp\/v2\/users\/2"}],"replies":[{"embeddable":true,"href":"https:\/\/www.todoeldia.com\/index.php\/wp-json\/wp\/v2\/comments?post=65011"}],"version-history":[{"count":1,"href":"https:\/\/www.todoeldia.com\/index.php\/wp-json\/wp\/v2\/posts\/65011\/revisions"}],"predecessor-version":[{"id":65012,"href":"https:\/\/www.todoeldia.com\/index.php\/wp-json\/wp\/v2\/posts\/65011\/revisions\/65012"}],"wp:featuredmedia":[{"embeddable":true,"href":"https:\/\/www.todoeldia.com\/index.php\/wp-json\/wp\/v2\/media\/62939"}],"wp:attachment":[{"href":"https:\/\/www.todoeldia.com\/index.php\/wp-json\/wp\/v2\/media?parent=65011"}],"wp:term":[{"taxonomy":"category","embeddable":true,"href":"https:\/\/www.todoeldia.com\/index.php\/wp-json\/wp\/v2\/categories?post=65011"},{"taxonomy":"post_tag","embeddable":true,"href":"https:\/\/www.todoeldia.com\/index.php\/wp-json\/wp\/v2\/tags?post=65011"}],"curies":[{"name":"wp","href":"https:\/\/api.w.org\/{rel}","templated":true}]}}