{"id":65018,"date":"2023-09-21T11:04:46","date_gmt":"2023-09-21T14:04:46","guid":{"rendered":"https:\/\/www.todoeldia.com\/?p=65018"},"modified":"2023-09-21T11:04:48","modified_gmt":"2023-09-21T14:04:48","slug":"juzgan-al-exjefe-de-la-policia-joaquin-guil-por-el-abuso-sexual-de-una-mujer-en-el-edificio-de-la-jefatura","status":"publish","type":"post","link":"https:\/\/www.todoeldia.com\/index.php\/2023\/09\/21\/juzgan-al-exjefe-de-la-policia-joaquin-guil-por-el-abuso-sexual-de-una-mujer-en-el-edificio-de-la-jefatura\/","title":{"rendered":"Juzgan al exjefe de la Polic\u00eda, Joaqu\u00edn Guil por el abuso sexual de una mujer en el edificio de la jefatura"},"content":{"rendered":"\n<p>Se trata del ex comisario Joaqu\u00edn Guil, quien integraba la c\u00fapula policial al momento del hecho, en abril de 1975. La v\u00edctima se hab\u00eda presentado para gestionar la autorizaci\u00f3n para retirar el cuerpo de la morgue de su hermano, militante de la Juventud Peronista.<\/p>\n\n\n\n<p>El Tribunal Oral Federal N\u00b01 de Salta, integrado por Federico Santiago D\u00edaz (presidente), Marta Snopek y Marcelo Ju\u00e1rez Almaraz, comenz\u00f3 a juzgar ayer al mediod\u00eda al excomisario de la Polic\u00eda de Salta Joaqu\u00edn Guil por el delito de abuso deshonesto agravado por la calidad de funcionario, el uso de intimidaci\u00f3n y por el concurso de dos o m\u00e1s personas, en calidad de autor mediato.<\/p>\n\n\n\n<p>El fiscal general Carlos Mart\u00edn Amad, a cargo del \u00c1rea de Derechos Humanos de la Unidad Fiscal Salta, lleva adelante la acusaci\u00f3n penal contra Guil, procesado por el juez federal N\u00b01, Julio Bavio, el 29 de diciembre del 2020 junto al excoronel retirado del Ej\u00e9rcito, Virtom Modesto Mend\u00edaz, (actualmente con proceso suspendido) y al excomisario de la Polic\u00eda de Salta, Roberto Arredes (incapacitado para afrontar el juicio).<\/p>\n\n\n\n<figure class=\"wp-block-image size-full\"><img loading=\"lazy\" decoding=\"async\" width=\"921\" height=\"614\" src=\"https:\/\/www.todoeldia.com\/wp-content\/uploads\/2023\/09\/image-157.png\" alt=\"\" class=\"wp-image-65021\" srcset=\"https:\/\/www.todoeldia.com\/wp-content\/uploads\/2023\/09\/image-157.png 921w, https:\/\/www.todoeldia.com\/wp-content\/uploads\/2023\/09\/image-157-300x200.png 300w, https:\/\/www.todoeldia.com\/wp-content\/uploads\/2023\/09\/image-157-768x512.png 768w, https:\/\/www.todoeldia.com\/wp-content\/uploads\/2023\/09\/image-157-696x464.png 696w, https:\/\/www.todoeldia.com\/wp-content\/uploads\/2023\/09\/image-157-630x420.png 630w\" sizes=\"auto, (max-width: 921px) 100vw, 921px\" \/><\/figure>\n\n\n\n<p>Abierto el debate, por secretar\u00eda se dio lectura a un resumen del requerimiento de elevaci\u00f3n a juicio, en el cual se expuso la acusaci\u00f3n realizada por la fiscal\u00eda el 4 de febrero del 2021. El caso se hab\u00eda iniciado a partir de la denuncia radicada por la v\u00edctima, quien relat\u00f3 el episodio vivido el 24 de abril de 1975, cuando se present\u00f3 en el edificio de la Jefatura de la Polic\u00eda de la provincia de Salta.<\/p>\n\n\n\n<p>La v\u00edctima, hermana de un militante de la Juventud Peronista, hab\u00eda ido en busca de una autorizaci\u00f3n requerida por la morgue del Hospital San Bernardo para la entrega del cad\u00e1ver de su hermano. El joven hab\u00eda sido ejecutado junto a otro compa\u00f1ero durante un operativo de las polic\u00edas provincial y federal el 20 de abril en la localidad de San Lorenzo.<\/p>\n\n\n\n<p>La mujer revel\u00f3 que fue recibida en la Jefatura por un polic\u00eda, quien le recibi\u00f3 los papeles que ten\u00eda y orden\u00f3 que la hicieran pasar a una habitaci\u00f3n, a fin de que fuera requisada. Explic\u00f3 que en esa oportunidad fue obligada a desnudarse y que fue abusada por el primer uniformado que la atendi\u00f3, delante de otros 20 polic\u00edas m\u00e1s.<\/p>\n\n\n\n<p>Con otras pruebas sumadas desde la fiscal\u00eda, se estableci\u00f3 la responsabilidad de Guil en el hecho denunciado, lo cual tambi\u00e9n fue destacado por el juez Bavio en su procesamiento al sostener que se trat\u00f3 \u201cde un hecho ocurrido en la propia Central de Polic\u00eda de Salta, por lo que resulta inveros\u00edmil que Mend\u00edaz, Guil y Arredes, c\u00fapula de dicha fuerza de seguridad p\u00fablica con oficinas en ese \u00e1mbito, hayan podido desconocer el il\u00edcito\u201d. Por esa raz\u00f3n, el juez consider\u00f3 que \u201clos mismos deber\u00e1n ser considerados como los autores mediatos y no materiales del abuso deshonesto\u201d.<\/p>\n\n\n\n<p>De acuerdo con la posici\u00f3n expuesta por la fiscal\u00eda en el proceso, el magistrado afirm\u00f3 que \u201cla privaci\u00f3n ileg\u00edtima de la libertad, los apremios ilegales, la violaci\u00f3n, la esclavitud sexual, la prostituci\u00f3n forzada y cualquier otra forma de violencia sexual de gravedad comparable, entre otros, resultan ser delitos de lesa humanidad\u201d.<\/p>\n\n\n\n<figure class=\"wp-block-image size-full\"><img loading=\"lazy\" decoding=\"async\" width=\"921\" height=\"614\" src=\"https:\/\/www.todoeldia.com\/wp-content\/uploads\/2023\/09\/image-158.png\" alt=\"\" class=\"wp-image-65022\" srcset=\"https:\/\/www.todoeldia.com\/wp-content\/uploads\/2023\/09\/image-158.png 921w, https:\/\/www.todoeldia.com\/wp-content\/uploads\/2023\/09\/image-158-300x200.png 300w, https:\/\/www.todoeldia.com\/wp-content\/uploads\/2023\/09\/image-158-768x512.png 768w, https:\/\/www.todoeldia.com\/wp-content\/uploads\/2023\/09\/image-158-696x464.png 696w, https:\/\/www.todoeldia.com\/wp-content\/uploads\/2023\/09\/image-158-630x420.png 630w\" sizes=\"auto, (max-width: 921px) 100vw, 921px\" \/><\/figure>\n\n\n\n<p><strong>El fiscal general Carlos Mart\u00edn Amad representa al MPF<\/strong><\/p>\n\n\n\n<p>Testimonio audiovisual<\/p>\n\n\n\n<p>Luego de la lectura de la acusaci\u00f3n, Guil se abstuvo ante el tribunal de su derecho a prestar declaraci\u00f3n. Acto seguido, se exhibi\u00f3 el video de la declaraci\u00f3n de la v\u00edctima, en audiencia, en el marco del juicio seguido contra los responsables por la muerte de su hermano.<\/p>\n\n\n\n<p>En aqu\u00e9l proceso, el mismo tribunal, pero con la presidencia de Ju\u00e1rez Almaraz, dispuso la condena de prisi\u00f3n perpetua para Miguel Ra\u00fal Gentil (fallecido) y del propio Guil por la muerte del hermano de la v\u00edctima el 29 de junio de 2015.<\/p>\n\n\n\n<p>En su declaraci\u00f3n reproducida en audiencia, la v\u00edctima, quien primeramente ley\u00f3 una rese\u00f1a de la vida de su hermano, explic\u00f3 lo que le toc\u00f3 vivir desde que se enter\u00f3 del homicidio hasta que pudo recuperar su cuerpo y trasladarlo de regreso a la provincia de Tucum\u00e1n, donde fue enterrado.<\/p>\n\n\n\n<p>Cont\u00f3 que se hab\u00eda enterado del asesinato por un llamado, a trav\u00e9s del cual le dijeron que su hermano hab\u00eda sido \u201cajusticiado\u201d en San Lorenzo, en Salta. Explic\u00f3 que, en raz\u00f3n de ello, viaj\u00f3 a esa provincia para tomar contacto primero con el entonces juez federal Ricardo Lona, a la postre tambi\u00e9n condenado por delitos de lesa humanidad. Relat\u00f3 que fue hasta la morgue del hospital local, pero que no pudo retirar el cuerpo porque le ped\u00edan una autorizaci\u00f3n, que deb\u00eda gestionar ante la polic\u00eda provincial.<\/p>\n\n\n\n<p>En esa l\u00ednea, cont\u00f3 que, al presentarse en la jefatura, fue obligada a sacarse toda la ropa, que el polic\u00eda que ten\u00eda la voz de mando la ultraj\u00f3 delante de 20 efectivos m\u00e1s, lo que le caus\u00f3 un grave da\u00f1o psicol\u00f3gico e incluso le acarre\u00f3 secuelas en su salud.<\/p>\n\n\n\n<p>Tras mencionar detalles del hecho, precis\u00f3 que pudo obtener el papel firmado, con el cual logr\u00f3 retirar el cuerpo de su hermano, el que carg\u00f3 en el coche f\u00fanebre y traslad\u00f3 el mismo d\u00eda del hecho hacia Tucum\u00e1n. A\u00f1adi\u00f3 que el veh\u00edculo seguido por varios coches policiales hasta que lleg\u00f3 a su tierra natal.<\/p>\n\n\n\n<p>Record\u00f3 que, al d\u00eda siguiente, fue despedida de su empleo en la Gobernaci\u00f3n de la provincia de Tucum\u00e1n, hecho que adjudic\u00f3 al entonces mandatario, el exgobernador Antonio Bussi. Explic\u00f3 que logr\u00f3 revertir esa situaci\u00f3n a partir de un litigio que inici\u00f3 y que la devolvi\u00f3 a su puesto de trabajo seis meses m\u00e1s tarde.<\/p>\n\n\n\n<p>En la parte final de la audiencia de ayer, la fiscal\u00eda dio lectura a otros elementos de pruebas, como la denuncia radicada por la v\u00edctima y un recorte period\u00edstico, en el que la Polic\u00eda de Salta reconoci\u00f3 la muerte del hermano de la v\u00edctima.<\/p>\n\n\n\n<p>De esta manera, el tribunal decidi\u00f3 pasar a un cuarto intermedio hasta el pr\u00f3ximo mi\u00e9rcoles, oportunidad en la que se dar\u00e1 inicio a la etapa de alegatos, luego de lo cual pronunciar\u00eda la sentencia.<\/p>\n","protected":false},"excerpt":{"rendered":"<p>Se trata del ex comisario Joaqu\u00edn Guil, quien integraba la c\u00fapula policial al momento del hecho, en abril de 1975. La v\u00edctima se hab\u00eda presentado para gestionar la autorizaci\u00f3n para retirar el cuerpo de la morgue de su hermano, militante de la Juventud Peronista. El Tribunal Oral Federal N\u00b01 de Salta, integrado por Federico Santiago [&hellip;]<\/p>\n","protected":false},"author":2,"featured_media":65020,"comment_status":"open","ping_status":"open","sticky":false,"template":"","format":"standard","meta":{"tdm_status":"","tdm_grid_status":"","_joinchat":[],"footnotes":""},"categories":[63],"tags":[],"class_list":{"0":"post-65018","1":"post","2":"type-post","3":"status-publish","4":"format-standard","5":"has-post-thumbnail","7":"category-policiales"},"amp_enabled":true,"_links":{"self":[{"href":"https:\/\/www.todoeldia.com\/index.php\/wp-json\/wp\/v2\/posts\/65018","targetHints":{"allow":["GET"]}}],"collection":[{"href":"https:\/\/www.todoeldia.com\/index.php\/wp-json\/wp\/v2\/posts"}],"about":[{"href":"https:\/\/www.todoeldia.com\/index.php\/wp-json\/wp\/v2\/types\/post"}],"author":[{"embeddable":true,"href":"https:\/\/www.todoeldia.com\/index.php\/wp-json\/wp\/v2\/users\/2"}],"replies":[{"embeddable":true,"href":"https:\/\/www.todoeldia.com\/index.php\/wp-json\/wp\/v2\/comments?post=65018"}],"version-history":[{"count":1,"href":"https:\/\/www.todoeldia.com\/index.php\/wp-json\/wp\/v2\/posts\/65018\/revisions"}],"predecessor-version":[{"id":65023,"href":"https:\/\/www.todoeldia.com\/index.php\/wp-json\/wp\/v2\/posts\/65018\/revisions\/65023"}],"wp:featuredmedia":[{"embeddable":true,"href":"https:\/\/www.todoeldia.com\/index.php\/wp-json\/wp\/v2\/media\/65020"}],"wp:attachment":[{"href":"https:\/\/www.todoeldia.com\/index.php\/wp-json\/wp\/v2\/media?parent=65018"}],"wp:term":[{"taxonomy":"category","embeddable":true,"href":"https:\/\/www.todoeldia.com\/index.php\/wp-json\/wp\/v2\/categories?post=65018"},{"taxonomy":"post_tag","embeddable":true,"href":"https:\/\/www.todoeldia.com\/index.php\/wp-json\/wp\/v2\/tags?post=65018"}],"curies":[{"name":"wp","href":"https:\/\/api.w.org\/{rel}","templated":true}]}}