{"id":65082,"date":"2023-09-23T10:37:55","date_gmt":"2023-09-23T13:37:55","guid":{"rendered":"https:\/\/www.todoeldia.com\/?p=65082"},"modified":"2023-09-23T10:37:58","modified_gmt":"2023-09-23T13:37:58","slug":"titi-se-bajo-de-un-caballo-robo-una-mochila-y-salio-corriendo-abandonando-el-equino-en-oran","status":"publish","type":"post","link":"https:\/\/www.todoeldia.com\/index.php\/2023\/09\/23\/titi-se-bajo-de-un-caballo-robo-una-mochila-y-salio-corriendo-abandonando-el-equino-en-oran\/","title":{"rendered":"\u201cTiti\u201d se baj\u00f3 de un caballo, rob\u00f3 una mochila y sali\u00f3 corriendo abandonando el equino en Or\u00e1n"},"content":{"rendered":"\n<p>El juez de la Sala II del Tribunal de Juicio de Or\u00e1n, H\u00e9ctor Fabi\u00e1n Fayos, conden\u00f3 en juicio abreviado a \u201cTiti\u201d, un joven de 26 a\u00f1os, que cometi\u00f3 el 10 de noviembre del a\u00f1o pasado el delito de robo agravado por el uso de arma en grado de tentativa.<\/p>\n\n\n\n<p>El hecho ocurri\u00f3 en barrio Constituyentes de la ciudad de Or\u00e1n. El denunciante llegaba en moto a su casa cuando el acusado lleg\u00f3 montado a caballo, baj\u00f3 para interceptarlo amenaz\u00e1ndolo con un cuchillo para quedarse con la mochila. Una vez concretado el delito, huy\u00f3 del lugar corriendo abandonando al equino en el lugar.<\/p>\n\n\n\n<p>En ese momento pasaba por el lugar un patrullero policial y el denunciante les pidi\u00f3 ayuda. El joven fue detenido instantes despu\u00e9s.<\/p>\n\n\n\n<p>El juez le impuso la pena de tres a\u00f1os y cuatro meses de prisi\u00f3n efectiva y lo declar\u00f3 reincidente por primera vez atento a que ya ten\u00eda antecedentes condenatorios. El joven continuar\u00e1 detenido y alojado en la Unidad Carcelaria 3 de Or\u00e1n hasta cumplir su condena.<\/p>\n","protected":false},"excerpt":{"rendered":"<p>El juez de la Sala II del Tribunal de Juicio de Or\u00e1n, H\u00e9ctor Fabi\u00e1n Fayos, conden\u00f3 en juicio abreviado a \u201cTiti\u201d, un joven de 26 a\u00f1os, que cometi\u00f3 el 10 de noviembre del a\u00f1o pasado el delito de robo agravado por el uso de arma en grado de tentativa. El hecho ocurri\u00f3 en barrio Constituyentes [&hellip;]<\/p>\n","protected":false},"author":2,"featured_media":57511,"comment_status":"open","ping_status":"open","sticky":false,"template":"","format":"standard","meta":{"tdm_status":"","tdm_grid_status":"","_joinchat":[],"footnotes":""},"categories":[63],"tags":[],"class_list":{"0":"post-65082","1":"post","2":"type-post","3":"status-publish","4":"format-standard","5":"has-post-thumbnail","7":"category-policiales"},"amp_enabled":true,"_links":{"self":[{"href":"https:\/\/www.todoeldia.com\/index.php\/wp-json\/wp\/v2\/posts\/65082","targetHints":{"allow":["GET"]}}],"collection":[{"href":"https:\/\/www.todoeldia.com\/index.php\/wp-json\/wp\/v2\/posts"}],"about":[{"href":"https:\/\/www.todoeldia.com\/index.php\/wp-json\/wp\/v2\/types\/post"}],"author":[{"embeddable":true,"href":"https:\/\/www.todoeldia.com\/index.php\/wp-json\/wp\/v2\/users\/2"}],"replies":[{"embeddable":true,"href":"https:\/\/www.todoeldia.com\/index.php\/wp-json\/wp\/v2\/comments?post=65082"}],"version-history":[{"count":1,"href":"https:\/\/www.todoeldia.com\/index.php\/wp-json\/wp\/v2\/posts\/65082\/revisions"}],"predecessor-version":[{"id":65083,"href":"https:\/\/www.todoeldia.com\/index.php\/wp-json\/wp\/v2\/posts\/65082\/revisions\/65083"}],"wp:featuredmedia":[{"embeddable":true,"href":"https:\/\/www.todoeldia.com\/index.php\/wp-json\/wp\/v2\/media\/57511"}],"wp:attachment":[{"href":"https:\/\/www.todoeldia.com\/index.php\/wp-json\/wp\/v2\/media?parent=65082"}],"wp:term":[{"taxonomy":"category","embeddable":true,"href":"https:\/\/www.todoeldia.com\/index.php\/wp-json\/wp\/v2\/categories?post=65082"},{"taxonomy":"post_tag","embeddable":true,"href":"https:\/\/www.todoeldia.com\/index.php\/wp-json\/wp\/v2\/tags?post=65082"}],"curies":[{"name":"wp","href":"https:\/\/api.w.org\/{rel}","templated":true}]}}