{"id":65134,"date":"2023-09-24T11:14:36","date_gmt":"2023-09-24T14:14:36","guid":{"rendered":"https:\/\/www.todoeldia.com\/?p=65134"},"modified":"2023-09-24T11:14:38","modified_gmt":"2023-09-24T14:14:38","slug":"feriado-por-el-dia-del-empleado-de-comercio-que-negocios-cierran-este-lunes-25-de-septiembre","status":"publish","type":"post","link":"https:\/\/www.todoeldia.com\/index.php\/2023\/09\/24\/feriado-por-el-dia-del-empleado-de-comercio-que-negocios-cierran-este-lunes-25-de-septiembre\/","title":{"rendered":"Feriado por el D\u00eda del Empleado de Comercio: qu\u00e9 negocios cierran este lunes 25 de septiembre"},"content":{"rendered":"\n<p>Muchos trabajadores gozar\u00e1n este lunes 25 de septiembre de un feriado en el marco del D\u00eda del Empleado de Comercio.<\/p>\n\n\n\n<p>El jueves 17 de agosto se conmemor\u00f3 el Paso a la Inmortalidad de Jos\u00e9 de San Mart\u00edn, y seg\u00fan establece el calendario oficial de feriados nacionales, el d\u00eda de descanso se traslad\u00f3 al lunes 21 del mismo mes, para formar un fin de semana largo con el objetivo de impulsar el turismo durante la temporada baja.<\/p>\n\n\n\n<p>A la espera de un nuevo d\u00eda de descanso establecido por el calendario oficial, algunos argentinos tendr\u00e1n un nuevo feriado este lunes 25 de septiembre, por lo que adem\u00e1s contar\u00e1n con un fin de semana largo de tres d\u00edas. Se trata del D\u00eda del Empleado de Comercio, que implicar\u00e1 que muchos trabajadores descansen y que por lo tanto algunos comercios no abrir\u00e1n.<\/p>\n\n\n\n<p>Qui\u00e9nes tienen feriado el lunes 25 de septiembre<\/p>\n\n\n\n<p>El sindicato comandado por Armando Cavalieri confirm\u00f3 que el feriado por el D\u00eda del Empleado de Comercio 2023 fue trasladado para este lunes 25 de septiembre, en lugar del 26 de septiembre como indica la fecha original de la conmemoraci\u00f3n.<\/p>\n\n\n\n<p>D\u00eda del Empleado de Comercio: qui\u00e9nes trabajan y qu\u00e9 negocios cierran<\/p>\n\n\n\n<p>El lunes 25 de septiembre, algunos supermercados, tiendas de ropa o calzado, bazares, kioscos, jugueter\u00edas, almacenes y shoppings van a permanecer cerrados. Ese d\u00eda &#8220;los empleados de comercio no prestar\u00e1n labores, asimil\u00e1ndose el mismo a los feriados nacionales a todos los efectos legales&#8221;, indica el art\u00edculo 2 de la ley.<\/p>\n\n\n\n<p>Quienes trabajan en el rubro pueden gozar del d\u00eda feriado y tienen derecho a no trabajar ese d\u00eda. Los due\u00f1os que decidan levantar la persiana pueden hacerlo, pero si convocan a empleados para trabajar deben pagar la jornada como un d\u00eda feriado.<\/p>\n\n\n\n<p>El Convenio Colectivo de Trabajo (CCT) de los empleados de comercio considera como tales a las personas que realizan tareas de maestranza y servicios, tareas administrativas, personal auxiliar que realice tareas de reparaci\u00f3n, auxiliares especializados y personal de ventas.<\/p>\n\n\n\n<p>Los pr\u00f3ximos feriados y fines de semana largo del 2023<\/p>\n\n\n\n<p>Quedar\u00e1n para este a\u00f1o cinco feriados (fijos, trasladables y puentes) dispuestos en el calendario oficial para lo que resta del 2023:<\/p>\n\n\n\n<p>Feriados trasladables<\/p>\n\n\n\n<p>12 de octubre (D\u00eda del Respeto a la Diversidad Cultural), que se celebrar\u00e1 el lunes 16 de octubre<\/p>\n\n\n\n<p>Puentes tur\u00edsticos<\/p>\n\n\n\n<p>El viernes 13 de octubre (fin de semana largo, de cuatro d\u00edas, por traslado del jueves 12 de octubre -D\u00eda del Respeto a la Diversidad Cultural- al lunes 16 de octubre).<\/p>\n\n\n\n<p>Feriados intransferibles<\/p>\n\n\n\n<p>20 de noviembre (D\u00eda de la Soberan\u00eda Nacional)<\/p>\n\n\n\n<p>8 de diciembre (D\u00eda de la Inmaculada Concepci\u00f3n de Mar\u00eda)<\/p>\n\n\n\n<p>25 de diciembre (Navidad)<\/p>\n","protected":false},"excerpt":{"rendered":"<p>Muchos trabajadores gozar\u00e1n este lunes 25 de septiembre de un feriado en el marco del D\u00eda del Empleado de Comercio. El jueves 17 de agosto se conmemor\u00f3 el Paso a la Inmortalidad de Jos\u00e9 de San Mart\u00edn, y seg\u00fan establece el calendario oficial de feriados nacionales, el d\u00eda de descanso se traslad\u00f3 al lunes 21 [&hellip;]<\/p>\n","protected":false},"author":2,"featured_media":23534,"comment_status":"open","ping_status":"open","sticky":false,"template":"","format":"standard","meta":{"tdm_status":"","tdm_grid_status":"","_joinchat":[],"footnotes":""},"categories":[60],"tags":[],"class_list":{"0":"post-65134","1":"post","2":"type-post","3":"status-publish","4":"format-standard","5":"has-post-thumbnail","7":"category-economia"},"amp_enabled":true,"_links":{"self":[{"href":"https:\/\/www.todoeldia.com\/index.php\/wp-json\/wp\/v2\/posts\/65134","targetHints":{"allow":["GET"]}}],"collection":[{"href":"https:\/\/www.todoeldia.com\/index.php\/wp-json\/wp\/v2\/posts"}],"about":[{"href":"https:\/\/www.todoeldia.com\/index.php\/wp-json\/wp\/v2\/types\/post"}],"author":[{"embeddable":true,"href":"https:\/\/www.todoeldia.com\/index.php\/wp-json\/wp\/v2\/users\/2"}],"replies":[{"embeddable":true,"href":"https:\/\/www.todoeldia.com\/index.php\/wp-json\/wp\/v2\/comments?post=65134"}],"version-history":[{"count":1,"href":"https:\/\/www.todoeldia.com\/index.php\/wp-json\/wp\/v2\/posts\/65134\/revisions"}],"predecessor-version":[{"id":65135,"href":"https:\/\/www.todoeldia.com\/index.php\/wp-json\/wp\/v2\/posts\/65134\/revisions\/65135"}],"wp:featuredmedia":[{"embeddable":true,"href":"https:\/\/www.todoeldia.com\/index.php\/wp-json\/wp\/v2\/media\/23534"}],"wp:attachment":[{"href":"https:\/\/www.todoeldia.com\/index.php\/wp-json\/wp\/v2\/media?parent=65134"}],"wp:term":[{"taxonomy":"category","embeddable":true,"href":"https:\/\/www.todoeldia.com\/index.php\/wp-json\/wp\/v2\/categories?post=65134"},{"taxonomy":"post_tag","embeddable":true,"href":"https:\/\/www.todoeldia.com\/index.php\/wp-json\/wp\/v2\/tags?post=65134"}],"curies":[{"name":"wp","href":"https:\/\/api.w.org\/{rel}","templated":true}]}}