{"id":65136,"date":"2023-09-24T20:51:24","date_gmt":"2023-09-24T23:51:24","guid":{"rendered":"https:\/\/www.todoeldia.com\/?p=65136"},"modified":"2023-09-24T20:51:50","modified_gmt":"2023-09-24T23:51:50","slug":"el-aeropuerto-el-aybal-se-lleno-de-modernos-aviones-sanitarios-que-trajeron-a-los-gobernadores-al-acto-de-campana-de-massa","status":"publish","type":"post","link":"https:\/\/www.todoeldia.com\/index.php\/2023\/09\/24\/el-aeropuerto-el-aybal-se-lleno-de-modernos-aviones-sanitarios-que-trajeron-a-los-gobernadores-al-acto-de-campana-de-massa\/","title":{"rendered":"El Aybal se llen\u00f3 de aviones sanitarios que trajeron a los gobernadores al acto de Campa\u00f1a de Massa"},"content":{"rendered":"\n<p>El aeropuerto de Salta nunca recibi\u00f3 tantos aviones como esta ma\u00f1ana. Es que muchos gobernadores arribaron en sus aviones sanitarios solo para participar de un acto de campa\u00f1a del candidato a Presidente Sergio Massa en General G\u00fcemes.<\/p>\n\n\n\n<p>Al ministro de Econom\u00eda que tambien lleg\u00f3 en un avi\u00f3n de presidencia se sumaron Gerardo Zamora (Santiago del Estero), Gildo Insfr\u00e1n (Formosa), Juan Manzur (Tucum\u00e1n), Oscar Herrera Ahuad (Misiones), Ra\u00fal Jalil (Catamarca) y los radicales Ricardo Quintela (La Rioja) tambien llegaron los radicales Gerardo Morales de Jujuy y Gustavo Vald\u00e9s de Corrientes.<\/p>\n\n\n\n<p>A ellos se les sumo el Salte\u00f1o Gustavo S\u00e1enz. Sergio Massa se mostr\u00f3 con dos gobernadores radicales y reiter\u00f3: \u201cVoy a llamar a un gobierno de unidad nacional\u201d<\/p>\n\n\n\n<p>El ministro viaj\u00f3 a Salta y anunci\u00f3 obras junto a 9 mandatarios. \u201cSi el 10 de diciembre me toca presidir la Argentina, que nadie se asombre de que haya gente de otras fuerzas pol\u00edticas integrando nuestro gobierno\u201d. Ayer, estuvo con Javkin, intendente de Rosario y que integra Juntos por el Cambio.<\/p>\n\n\n\n<p>Algunos peronistas llegaron al acto en G\u00fcemes, en el t\u00f3rrido mediod\u00eda salte\u00f1o, despu\u00e9s de verlo tres veces a Massa. Al encuentro llegaron, con las manos extendidas esperando las obras, pero, tambi\u00e9n, con una propuesta abajo del brazo. Quer\u00edan alguna compensaci\u00f3n por el impacto que va a tener la eliminaci\u00f3n de Ganancias y la reducci\u00f3n del IVA. Los gobernadores, seg\u00fan supo Infobae, llegaron con tres alternativas para evitar una sangr\u00eda de recursos de la coparticipaci\u00f3n.<\/p>\n\n\n\n<p>La soluci\u00f3n que encontraron y que acordaron con Massa fue enviar una adenda a la C\u00e1mara de Diputados para que se incorpore una distribuci\u00f3n de los dos tributos principales que todav\u00eda no ten\u00edan coparticipaci\u00f3n: PAIS e Impuesto al Cheque. Fue tan vertiginosa la negociaci\u00f3n -donde el santiague\u00f1o Gerardo Zamora tuvo un rol clave- que el propio ministro-candidato se olvid\u00f3 de mencionarla en su discurso.<\/p>\n\n\n\n<p>Fue un paso de comedia que expuso los pedidos y urgencias &#8211; \u00bf\u201d mangazos\u201d? &#8211; de un ministro en campa\u00f1a. S\u00e1enz le record\u00f3 a Massa cuando hab\u00eda terminado de hablar y estaba saludando a los gobernadores que le hab\u00eda faltado la adenda. R\u00e1pido, corrigi\u00f3 y confirm\u00f3 que se distribuir\u00e1 esos impuestos a las provincias: 35% PAIS y 25% el distorsivo impuesto al cheque.<\/p>\n\n\n\n<p>Actos y debate<\/p>\n\n\n\n<p>En Salta, Massa invirti\u00f3 uno de los tres d\u00edas que le queda de anuncios oficiales. Es que el 27 empieza la \u201cprohibici\u00f3n de la publicidad de los actos de gobierno susceptibles de promover la captaci\u00f3n del voto\u201d. Ese mismo d\u00eda habr\u00e1 dos actos: Neuqu\u00e9n y Ensenada.<\/p>\n","protected":false},"excerpt":{"rendered":"<p>El aeropuerto de Salta nunca recibi\u00f3 tantos aviones como esta ma\u00f1ana. Es que muchos gobernadores arribaron en sus aviones sanitarios solo para participar de un acto de campa\u00f1a del candidato a Presidente Sergio Massa en General G\u00fcemes. Al ministro de Econom\u00eda que tambien lleg\u00f3 en un avi\u00f3n de presidencia se sumaron Gerardo Zamora (Santiago del [&hellip;]<\/p>\n","protected":false},"author":2,"featured_media":65137,"comment_status":"open","ping_status":"open","sticky":false,"template":"","format":"standard","meta":{"tdm_status":"","tdm_grid_status":"","_joinchat":[],"footnotes":""},"categories":[59],"tags":[],"class_list":{"0":"post-65136","1":"post","2":"type-post","3":"status-publish","4":"format-standard","5":"has-post-thumbnail","7":"category-politica"},"amp_enabled":true,"_links":{"self":[{"href":"https:\/\/www.todoeldia.com\/index.php\/wp-json\/wp\/v2\/posts\/65136","targetHints":{"allow":["GET"]}}],"collection":[{"href":"https:\/\/www.todoeldia.com\/index.php\/wp-json\/wp\/v2\/posts"}],"about":[{"href":"https:\/\/www.todoeldia.com\/index.php\/wp-json\/wp\/v2\/types\/post"}],"author":[{"embeddable":true,"href":"https:\/\/www.todoeldia.com\/index.php\/wp-json\/wp\/v2\/users\/2"}],"replies":[{"embeddable":true,"href":"https:\/\/www.todoeldia.com\/index.php\/wp-json\/wp\/v2\/comments?post=65136"}],"version-history":[{"count":2,"href":"https:\/\/www.todoeldia.com\/index.php\/wp-json\/wp\/v2\/posts\/65136\/revisions"}],"predecessor-version":[{"id":65139,"href":"https:\/\/www.todoeldia.com\/index.php\/wp-json\/wp\/v2\/posts\/65136\/revisions\/65139"}],"wp:featuredmedia":[{"embeddable":true,"href":"https:\/\/www.todoeldia.com\/index.php\/wp-json\/wp\/v2\/media\/65137"}],"wp:attachment":[{"href":"https:\/\/www.todoeldia.com\/index.php\/wp-json\/wp\/v2\/media?parent=65136"}],"wp:term":[{"taxonomy":"category","embeddable":true,"href":"https:\/\/www.todoeldia.com\/index.php\/wp-json\/wp\/v2\/categories?post=65136"},{"taxonomy":"post_tag","embeddable":true,"href":"https:\/\/www.todoeldia.com\/index.php\/wp-json\/wp\/v2\/tags?post=65136"}],"curies":[{"name":"wp","href":"https:\/\/api.w.org\/{rel}","templated":true}]}}