{"id":65159,"date":"2023-09-25T10:32:06","date_gmt":"2023-09-25T13:32:06","guid":{"rendered":"https:\/\/www.todoeldia.com\/?p=65159"},"modified":"2023-09-25T10:32:09","modified_gmt":"2023-09-25T13:32:09","slug":"buscan-con-drones-al-abuelo-leonardo-sanchez-que-desaparecio-en-mayo-del-2021","status":"publish","type":"post","link":"https:\/\/www.todoeldia.com\/index.php\/2023\/09\/25\/buscan-con-drones-al-abuelo-leonardo-sanchez-que-desaparecio-en-mayo-del-2021\/","title":{"rendered":"Buscan con drones al abuelo Leonardo S\u00e1nchez que desapareci\u00f3 en mayo del 2021"},"content":{"rendered":"\n<p>El octogenario se encuentra desaparecido desde el 21 de mayo de 2021, cuando sali\u00f3 de su hogar, ubicado en el Centro de la ciudad de Salta en su autom\u00f3vil y no regres\u00f3. En esta nueva etapa de b\u00fasqueda se recorri\u00f3 de manera exhaustiva lugares de inter\u00e9s para la investigaci\u00f3n con drones y personal del Sistema Provincial de B\u00fasqueda de Personas Desaparecidas de la provincia del Chaco.<\/p>\n\n\n\n<p>El fiscal penal de la Unidad de Graves Atentados contra las Personas, Leandro Flores, en el marco de la investigaci\u00f3n que lleva adelante por la desaparici\u00f3n de Leonardo Nicol\u00e1s S\u00e1nchez, inform\u00f3 que se realizaron tres nuevas jornadas de rastrillaje en procura de ubicar su paradero.<\/p>\n\n\n\n<figure class=\"wp-block-image size-large\"><img loading=\"lazy\" decoding=\"async\" width=\"1024\" height=\"467\" src=\"https:\/\/www.todoeldia.com\/wp-content\/uploads\/2023\/09\/image-177-1024x467.png\" alt=\"\" class=\"wp-image-65161\" srcset=\"https:\/\/www.todoeldia.com\/wp-content\/uploads\/2023\/09\/image-177-1024x467.png 1024w, https:\/\/www.todoeldia.com\/wp-content\/uploads\/2023\/09\/image-177-300x137.png 300w, https:\/\/www.todoeldia.com\/wp-content\/uploads\/2023\/09\/image-177-768x350.png 768w, https:\/\/www.todoeldia.com\/wp-content\/uploads\/2023\/09\/image-177-696x317.png 696w, https:\/\/www.todoeldia.com\/wp-content\/uploads\/2023\/09\/image-177-921x420.png 921w, https:\/\/www.todoeldia.com\/wp-content\/uploads\/2023\/09\/image-177.png 1061w\" sizes=\"auto, (max-width: 1024px) 100vw, 1024px\" \/><\/figure>\n\n\n\n<p>Explic\u00f3 que las tareas estuvieron encabezadas por personal de la Unidad Especial de Investigaci\u00f3n del CIF y se cont\u00f3 con la colaboraci\u00f3n de personal del Sistema Provincial de B\u00fasqueda de Personas Extraviadas y Desaparecidas de la provincia del Chaco, que con drones t\u00e9rmicos, rastrillaron zonas de inter\u00e9s para la investigaci\u00f3n en procura de informaci\u00f3n certera sobre su paradero.<\/p>\n\n\n\n<p>Cabe recordar que desde el Ministerio de Seguridad de la Naci\u00f3n, se asign\u00f3 una recompensa de 1 mill\u00f3n de pesos para la persona que pueda aportar datos ciertos que permitan dar con su paradero. Los ciudadanos que posean informaci\u00f3n certera, deben comunicarse al n\u00famero telef\u00f3nico 134 o a denuncias@minseg.gob.ar<\/p>\n\n\n\n<p>La denuncia fue radicada oportunamente por la hija del adulto mayor, al detectar la ausencia de su padre y de un autom\u00f3vil Renault Scenic Sport Way color gris Dominio IUW 523. Se\u00f1al\u00f3 que es de contextura delgada, tez morena, altura 1,70 m aproximadamente, cabello canoso, color de ojos marr\u00f3n oscuro y vest\u00eda una camisa oscura, pul\u00f3ver marr\u00f3n escote en v, campera verde, pantal\u00f3n gris oscuro y llevaba su DNI.<\/p>\n\n\n\n<p>Se activaron todos los protocolos de b\u00fasqueda y se dispuso el trabajo de grupos investigativos para dar cumplimiento a las distintas medidas tendientes a dar con su paradero.<\/p>\n","protected":false},"excerpt":{"rendered":"<p>El octogenario se encuentra desaparecido desde el 21 de mayo de 2021, cuando sali\u00f3 de su hogar, ubicado en el Centro de la ciudad de Salta en su autom\u00f3vil y no regres\u00f3. En esta nueva etapa de b\u00fasqueda se recorri\u00f3 de manera exhaustiva lugares de inter\u00e9s para la investigaci\u00f3n con drones y personal del Sistema [&hellip;]<\/p>\n","protected":false},"author":2,"featured_media":65160,"comment_status":"open","ping_status":"open","sticky":false,"template":"","format":"standard","meta":{"tdm_status":"","tdm_grid_status":"","_joinchat":[],"footnotes":""},"categories":[63],"tags":[],"class_list":{"0":"post-65159","1":"post","2":"type-post","3":"status-publish","4":"format-standard","5":"has-post-thumbnail","7":"category-policiales"},"amp_enabled":true,"_links":{"self":[{"href":"https:\/\/www.todoeldia.com\/index.php\/wp-json\/wp\/v2\/posts\/65159","targetHints":{"allow":["GET"]}}],"collection":[{"href":"https:\/\/www.todoeldia.com\/index.php\/wp-json\/wp\/v2\/posts"}],"about":[{"href":"https:\/\/www.todoeldia.com\/index.php\/wp-json\/wp\/v2\/types\/post"}],"author":[{"embeddable":true,"href":"https:\/\/www.todoeldia.com\/index.php\/wp-json\/wp\/v2\/users\/2"}],"replies":[{"embeddable":true,"href":"https:\/\/www.todoeldia.com\/index.php\/wp-json\/wp\/v2\/comments?post=65159"}],"version-history":[{"count":1,"href":"https:\/\/www.todoeldia.com\/index.php\/wp-json\/wp\/v2\/posts\/65159\/revisions"}],"predecessor-version":[{"id":65162,"href":"https:\/\/www.todoeldia.com\/index.php\/wp-json\/wp\/v2\/posts\/65159\/revisions\/65162"}],"wp:featuredmedia":[{"embeddable":true,"href":"https:\/\/www.todoeldia.com\/index.php\/wp-json\/wp\/v2\/media\/65160"}],"wp:attachment":[{"href":"https:\/\/www.todoeldia.com\/index.php\/wp-json\/wp\/v2\/media?parent=65159"}],"wp:term":[{"taxonomy":"category","embeddable":true,"href":"https:\/\/www.todoeldia.com\/index.php\/wp-json\/wp\/v2\/categories?post=65159"},{"taxonomy":"post_tag","embeddable":true,"href":"https:\/\/www.todoeldia.com\/index.php\/wp-json\/wp\/v2\/tags?post=65159"}],"curies":[{"name":"wp","href":"https:\/\/api.w.org\/{rel}","templated":true}]}}