{"id":65166,"date":"2023-09-25T10:41:27","date_gmt":"2023-09-25T13:41:27","guid":{"rendered":"https:\/\/www.todoeldia.com\/?p=65166"},"modified":"2023-09-25T10:41:31","modified_gmt":"2023-09-25T13:41:31","slug":"detienen-a-un-hombre-de-25-anos-con-material-de-abuso-sexual-infantil-en-oran","status":"publish","type":"post","link":"https:\/\/www.todoeldia.com\/index.php\/2023\/09\/25\/detienen-a-un-hombre-de-25-anos-con-material-de-abuso-sexual-infantil-en-oran\/","title":{"rendered":"Detienen a un hombre de 25 a\u00f1os con material de abuso sexual infantil en Or\u00e1n"},"content":{"rendered":"\n<p>La fiscal penal especializada en Ciberdelincuencia, Sof\u00eda Cornejo, inform\u00f3 que en el marco de una averiguaci\u00f3n preliminar iniciada a partir de un reporte de la ONG NCMEC (National Center for Missing and Exploited Children), este lunes se realiz\u00f3 un allanamiento en un domicilio vinculado a un hombre investigado por la posible comisi\u00f3n del delito de tenencia y distribuci\u00f3n de material de abuso sexual infantil a trav\u00e9s de Internet.<\/p>\n\n\n\n<p>Con autorizaci\u00f3n del Juzgado de Garant\u00edas 2 del distrito Or\u00e1n, la medida se cumpli\u00f3 en un domicilio de la ciudad de Or\u00e1n, donde se secuestraron dispositivos inform\u00e1ticos y otros elementos de inter\u00e9s para la investigaci\u00f3n que ser\u00e1n analizados.<\/p>\n\n\n\n<p>Participaron del allanamiento, personal especializado de la Fiscal\u00eda y de la Divisi\u00f3n Trata de Personas de la Polic\u00eda de la Provincia.<\/p>\n\n\n\n<p>Seg\u00fan inform\u00f3 la fiscal Cornejo, en las pr\u00f3ximas horas se concretar\u00e1 la audiencia de imputaci\u00f3n del hombre de 25 a\u00f1os y se dispuso el cumplimiento de numerosas medidas tendientes al esclarecimiento del hecho.<\/p>\n","protected":false},"excerpt":{"rendered":"<p>La fiscal penal especializada en Ciberdelincuencia, Sof\u00eda Cornejo, inform\u00f3 que en el marco de una averiguaci\u00f3n preliminar iniciada a partir de un reporte de la ONG NCMEC (National Center for Missing and Exploited Children), este lunes se realiz\u00f3 un allanamiento en un domicilio vinculado a un hombre investigado por la posible comisi\u00f3n del delito de [&hellip;]<\/p>\n","protected":false},"author":2,"featured_media":59345,"comment_status":"open","ping_status":"open","sticky":false,"template":"","format":"standard","meta":{"tdm_status":"","tdm_grid_status":"","_joinchat":[],"footnotes":""},"categories":[63],"tags":[],"class_list":{"0":"post-65166","1":"post","2":"type-post","3":"status-publish","4":"format-standard","5":"has-post-thumbnail","7":"category-policiales"},"amp_enabled":true,"_links":{"self":[{"href":"https:\/\/www.todoeldia.com\/index.php\/wp-json\/wp\/v2\/posts\/65166","targetHints":{"allow":["GET"]}}],"collection":[{"href":"https:\/\/www.todoeldia.com\/index.php\/wp-json\/wp\/v2\/posts"}],"about":[{"href":"https:\/\/www.todoeldia.com\/index.php\/wp-json\/wp\/v2\/types\/post"}],"author":[{"embeddable":true,"href":"https:\/\/www.todoeldia.com\/index.php\/wp-json\/wp\/v2\/users\/2"}],"replies":[{"embeddable":true,"href":"https:\/\/www.todoeldia.com\/index.php\/wp-json\/wp\/v2\/comments?post=65166"}],"version-history":[{"count":1,"href":"https:\/\/www.todoeldia.com\/index.php\/wp-json\/wp\/v2\/posts\/65166\/revisions"}],"predecessor-version":[{"id":65167,"href":"https:\/\/www.todoeldia.com\/index.php\/wp-json\/wp\/v2\/posts\/65166\/revisions\/65167"}],"wp:featuredmedia":[{"embeddable":true,"href":"https:\/\/www.todoeldia.com\/index.php\/wp-json\/wp\/v2\/media\/59345"}],"wp:attachment":[{"href":"https:\/\/www.todoeldia.com\/index.php\/wp-json\/wp\/v2\/media?parent=65166"}],"wp:term":[{"taxonomy":"category","embeddable":true,"href":"https:\/\/www.todoeldia.com\/index.php\/wp-json\/wp\/v2\/categories?post=65166"},{"taxonomy":"post_tag","embeddable":true,"href":"https:\/\/www.todoeldia.com\/index.php\/wp-json\/wp\/v2\/tags?post=65166"}],"curies":[{"name":"wp","href":"https:\/\/api.w.org\/{rel}","templated":true}]}}