{"id":65614,"date":"2023-10-01T20:09:25","date_gmt":"2023-10-01T23:09:25","guid":{"rendered":"https:\/\/www.todoeldia.com\/?p=65614"},"modified":"2023-10-01T20:09:27","modified_gmt":"2023-10-01T23:09:27","slug":"el-caso-chocolate-esta-vinculado-con-insaurralde-tiene-que-ver-con-la-plata-negra-de-la-politica-por-nelson-castro","status":"publish","type":"post","link":"https:\/\/www.todoeldia.com\/index.php\/2023\/10\/01\/el-caso-chocolate-esta-vinculado-con-insaurralde-tiene-que-ver-con-la-plata-negra-de-la-politica-por-nelson-castro\/","title":{"rendered":"El caso Chocolate est\u00e1 vinculado con Insaurralde  tiene que ver con la plata negra de la pol\u00edtica. Por Nelson castro"},"content":{"rendered":"\n<p>El exjefe de Gabinete bonaerense dej\u00f3 su cargo en medio de un esc\u00e1ndalo. Hubo falta de control interno porque en medio de una campa\u00f1a electoral y la novia del saliente funcionario sube estas fotos. El debate ser\u00e1 una caja de resonancia porque est\u00e1 toda la pol\u00edtica en Santiago del Estero.<\/p>\n\n\n\n<p>El gobernador de la provincia de Buenos Aires, Axel Kicillof, acept\u00f3 la renuncia del jefe de Gabinete bonaerense, Mart\u00edn Insaurralde, mediante el decreto 2023-1815 por las escandalosas fotos junto a la modelo Sof\u00eda Clerici en Marbella.<\/p>\n\n\n\n<p>Esto impactan dentro de gobierno bonaerense y dentro del kirchnerismo. Se produce a horas del primer debate presidencial y se vincula a la investigaci\u00f3n de TN del caso Chocolate Rigau. Trata la plata oscura de la pol\u00edtica. Insaurralde no tiene los medios de hacer frente a estos gastos.<\/p>\n\n\n\n<p>Es un hecho impactante, un elemento central por lo que representa dentro del momento pol\u00edtico. No s\u00f3lo por lo que representa Insaurralde dentro del esc\u00e1ndalo, sino por su llegada a Kicillof y a Massa. Es un armador determinante en Provincia y en Naci\u00f3n.<\/p>\n\n\n\n<p>Se plantean muchas cosas. d\u00f3lares. Insaurralde no tiene medios para enfrentar esta situaci\u00f3n. Adem\u00e1s, viene de enfrentar un divorcio costoso.<\/p>\n\n\n\n<p>M\u00e1s all\u00e1 de que tuviera la plata, el hecho es escandaloso porque no hay d\u00f3lares para nadie. Para viajar, la \u00fanica manera que ten\u00e9s de conseguirlos es por un privilegio. Las fechas son recientes. Van del 16 al 20 de septiembre. Es en medio de la campa\u00f1a electoral.<\/p>\n\n\n\n<p>Aparte, Insaurralde supo vivir en Puerto Madero. Eso marca su pauta. Es un elemento m\u00e1s de la contradicci\u00f3n que se vive dentro del kirchnerismo.<\/p>\n\n\n\n<p>La mayor\u00eda de la gente no quiere esta situaci\u00f3n pero hay una minor\u00eda que todav\u00eda los eligen. Kicillof fue el candidato m\u00e1s votado en la provincia de Buenos Aires y esto lo complica para su campa\u00f1a electoral. Hay mucha gente harta y otra que lo convalida.<\/p>\n\n\n\n<p>Insaurralde fue electo intendente de Lomas de Zamora y lleg\u00f3 a la jefatura de Gabinete despu\u00e9s de la elecci\u00f3n de 2021 cuando Cristina Kirchner manda esa carta brutal para bajar al Carlos Bianco.<\/p>\n\n\n\n<p>Viajan sin ning\u00fan problema. Esto se sabe porque la pareja subi\u00f3 las fotos. Si no lo hubiera posteado, no se hubiera sabido nada.<\/p>\n\n\n\n<p>Tambi\u00e9n, lo complica a Federico Otermin que es el delf\u00edn de Insaurralde y tambi\u00e9n es el jefe de la C\u00e1mara de Diputados donde ha pasado lo de \u201cChocolate\u201d Rigau.<\/p>\n\n\n\n<p>Pas\u00f3 con Scioli luego de las PASO en 2015. Se fue a Italia en medio de una inundaci\u00f3n brutal en la provincia de Buenos Aires y tuvo que venirse volando. No son cosas particulares dentro del kirchnerismo y en la pol\u00edtica en general.<\/p>\n\n\n\n<p>Este domingo va a ser una caja de resonancia porque est\u00e1 toda la pol\u00edtica en Santiago del Estero. Es un tiro en la l\u00ednea de flotaci\u00f3n de Kicillof. No hay reemplazo en vista.<\/p>\n\n\n\n<p>A Insaurralde lo puso Cristina Kirchner en 2021. Kicillof viaj\u00f3 a El Calafate y ah\u00ed le dijo que era el intendente de Lomas de Zamora. Se trat\u00f3 de un desplazamiento de la gente de Kicillof. Se trata de un lugar clave asociado con M\u00e1ximo Kirchner.<\/p>\n","protected":false},"excerpt":{"rendered":"<p>El exjefe de Gabinete bonaerense dej\u00f3 su cargo en medio de un esc\u00e1ndalo. Hubo falta de control interno porque en medio de una campa\u00f1a electoral y la novia del saliente funcionario sube estas fotos. El debate ser\u00e1 una caja de resonancia porque est\u00e1 toda la pol\u00edtica en Santiago del Estero. El gobernador de la provincia [&hellip;]<\/p>\n","protected":false},"author":2,"featured_media":30692,"comment_status":"open","ping_status":"open","sticky":false,"template":"","format":"standard","meta":{"tdm_status":"","tdm_grid_status":"","_joinchat":[],"footnotes":""},"categories":[71],"tags":[],"class_list":{"0":"post-65614","1":"post","2":"type-post","3":"status-publish","4":"format-standard","5":"has-post-thumbnail","7":"category-columnistas"},"amp_enabled":true,"_links":{"self":[{"href":"https:\/\/www.todoeldia.com\/index.php\/wp-json\/wp\/v2\/posts\/65614","targetHints":{"allow":["GET"]}}],"collection":[{"href":"https:\/\/www.todoeldia.com\/index.php\/wp-json\/wp\/v2\/posts"}],"about":[{"href":"https:\/\/www.todoeldia.com\/index.php\/wp-json\/wp\/v2\/types\/post"}],"author":[{"embeddable":true,"href":"https:\/\/www.todoeldia.com\/index.php\/wp-json\/wp\/v2\/users\/2"}],"replies":[{"embeddable":true,"href":"https:\/\/www.todoeldia.com\/index.php\/wp-json\/wp\/v2\/comments?post=65614"}],"version-history":[{"count":1,"href":"https:\/\/www.todoeldia.com\/index.php\/wp-json\/wp\/v2\/posts\/65614\/revisions"}],"predecessor-version":[{"id":65615,"href":"https:\/\/www.todoeldia.com\/index.php\/wp-json\/wp\/v2\/posts\/65614\/revisions\/65615"}],"wp:featuredmedia":[{"embeddable":true,"href":"https:\/\/www.todoeldia.com\/index.php\/wp-json\/wp\/v2\/media\/30692"}],"wp:attachment":[{"href":"https:\/\/www.todoeldia.com\/index.php\/wp-json\/wp\/v2\/media?parent=65614"}],"wp:term":[{"taxonomy":"category","embeddable":true,"href":"https:\/\/www.todoeldia.com\/index.php\/wp-json\/wp\/v2\/categories?post=65614"},{"taxonomy":"post_tag","embeddable":true,"href":"https:\/\/www.todoeldia.com\/index.php\/wp-json\/wp\/v2\/tags?post=65614"}],"curies":[{"name":"wp","href":"https:\/\/api.w.org\/{rel}","templated":true}]}}