{"id":65620,"date":"2023-10-02T00:22:03","date_gmt":"2023-10-02T03:22:03","guid":{"rendered":"https:\/\/www.todoeldia.com\/?p=65620"},"modified":"2023-10-02T00:22:43","modified_gmt":"2023-10-02T03:22:43","slug":"con-fuertes-cruces-por-la-economia-massa-y-bullrich-buscaron-polarizar-con-milei-en-el-primer-debate-presidencial","status":"publish","type":"post","link":"https:\/\/www.todoeldia.com\/index.php\/2023\/10\/02\/con-fuertes-cruces-por-la-economia-massa-y-bullrich-buscaron-polarizar-con-milei-en-el-primer-debate-presidencial\/","title":{"rendered":"Con fuertes cruces por la econom\u00eda, Massa y Bullrich buscaron polarizar con Milei en el primer debate presidencial"},"content":{"rendered":"\n<p>Los candidatos discutieron por el esquema de dolarizaci\u00f3n que plantea el l\u00edder libertario. Myriam Bregman puso el foco en los derechos humanos y Juan Schiaretti habl\u00f3 de una Argentina federal. El derecho a r\u00e9plica fue el gran protagonista y hubo tensos momentos en el bloque de preguntas y respuestas entre los postulantes.<\/p>\n\n\n\n<p>Patricia Bullrich, Javier Milei, Sergio Massa, Myriam Bregman y Juan Schiaretti, se enfrentaron en Santiago del Estero.<\/p>\n\n\n\n<p>En el bloque de Educaci\u00f3n, la candidata de Juntos por el Cambio apunt\u00f3 duro al de La Libertad Avanza.<\/p>\n\n\n\n<p>El libertario pidi\u00f3 &#8220;terminar con el curro de los derechos humanos&#8221;, en el pasaje m\u00e1s pol\u00e9mico.<\/p>\n\n\n\n<p>Es la primera fase de una discusi\u00f3n de dos jornadas que seguir\u00e1 en Buenos Aires el pr\u00f3ximo domingo.<\/p>\n\n\n\n<figure class=\"wp-block-image size-full is-resized\"><img loading=\"lazy\" decoding=\"async\" src=\"https:\/\/www.todoeldia.com\/wp-content\/uploads\/2023\/10\/image-7.png\" alt=\"\" class=\"wp-image-65623\" style=\"width:914px;height:512px\" width=\"914\" height=\"512\"\/><\/figure>\n\n\n\n<p><strong>Massa y Bullrich fueron dos de los candidatos que protagonizaron los cruces m\u00e1s fuertes<\/strong><\/p>\n\n\n\n<p>Si el resultado se analiza por la capacidad para transmitir propuestas, la medalla podr\u00eda ser para Myriam Bregman o Sergio Massa. Si se eval\u00faa el oportunismo para meter golpes de efecto, ah\u00ed mostr\u00f3 destreza Patricia Bullrich. Si el an\u00e1lisis se concentra en la chance de captar votos nuevos, Juan Schiaretti habl\u00f3 para un p\u00fablico que le qued\u00f3 grande en las PASO. Si la puja se trata, en cambio, de consolidar apoyos, Javier Milei dif\u00edcilmente los pierda por su exposici\u00f3n en Santiago del Estero. As\u00ed de dividido qued\u00f3, quiz\u00e1, el balance por ver qui\u00e9n gan\u00f3 el debate presidencial 2023.<\/p>\n\n\n\n<p>Clar\u00edn habl\u00f3 con cuatro analistas de reconocidas consultoras que vieron en vivo los cruces entre los candidatos en este primer round televisivo de cara a la elecci\u00f3n del 22 de octubre. Y hubo una conclusi\u00f3n coincidente: dif\u00edcilmente el debate -al menos este inicial- tenga un impacto profundo en la intenci\u00f3n de voto de los argentinos.<\/p>\n\n\n\n<p>BERNARDO V\u00c1ZQUEZ<\/p>\n\n\n\n<p>Debate presidencial 2023: lo mejor y lo peor de Patricia Bullrich<\/p>\n\n\n\n<p>En el atril del medio del Centro de Convenciones Forum de Santiago del Estero, Patricia Bullrich fue una de las protagonistas centrales del debate presidencial, en el que, tal como se preve\u00eda, busco centrar sus cr\u00edticas a Sergio Massa, aunque tambi\u00e9n le peg\u00f3 a Javier Milei, los dos candidatos con los que compite por ingresar al balotaje. Casi en ning\u00fan momento eligi\u00f3 confrontar con Juan Schiaretti y con Myriam Bregman, sus otros adversarios el 22 de octubre.<\/p>\n\n\n\n<p>Desde antes del debate, en el equipo de Patricia Bullrich ven\u00edan planteando que el principal potencial de la candidata era su capacidad de r\u00e9plica, su genuinidad y espontaneidad y que si hab\u00eda cierta preocupaci\u00f3n por su performance discursiva ten\u00eda que ver con lo que pudiera expresar conceptualmente cuando tuviera que presentar propuestas en cada eje tem\u00e1tico.<\/p>\n\n\n\n<p>Melconian esquiv\u00f3 los dardos de Milei: &#8220;Son gajes del oficio&#8221;<\/p>\n\n\n\n<p>Carlos Melconian, referente de Bullrich en econom\u00eda, habl\u00f3 luego del debate y esquiv\u00f3 el dardo de Milei que lo trat\u00f3 de &#8220;chanta&#8221;: &#8220;Son gajes del oficio&#8221;, dijo. &#8220;Fue un debate sin agresiones, estuvo bien. Patricia dej\u00f3 propeustas arriba de la mesa. El resto son gajes del oficio.<\/p>\n\n\n\n<p>Luego se refiri\u00f3 a la situaci\u00f3n de las leliqs, una inquietud que se repiti\u00f3 a lo largo del debate. &#8220;Ella explic\u00f3 perfectamente lo que quiere, hubo preguntas muy puntuales de las leliqus, pero que son cosas que te pregunto a vos y no sabes qu\u00e9 son&#8221;, esquiv\u00f3 Melconian. &#8220;Me gust\u00f3, para m\u00ed lo gan\u00f3 Patricia&#8221;, cerr\u00f3.<\/p>\n\n\n\n<p>Javier Milei, el \u00fanico que no aplaudi\u00f3 al final del debate y un fr\u00edo saludo con Massa<\/p>\n\n\n\n<p>Al cierre del debate el candidato liberal, Javier Milei no aplaudi\u00f3 y levant\u00f3 el pu\u00f1o. Le alcanz\u00f3 la mano a Schiaretti, despu\u00e9s a Bullrich y cuando lleg\u00f3 a Massa le di\u00f3 la mano sin mirarlo, en un gesto fr\u00edo que provoc\u00f3 murmullos.<\/p>\n","protected":false},"excerpt":{"rendered":"<p>Los candidatos discutieron por el esquema de dolarizaci\u00f3n que plantea el l\u00edder libertario. Myriam Bregman puso el foco en los derechos humanos y Juan Schiaretti habl\u00f3 de una Argentina federal. El derecho a r\u00e9plica fue el gran protagonista y hubo tensos momentos en el bloque de preguntas y respuestas entre los postulantes. Patricia Bullrich, Javier [&hellip;]<\/p>\n","protected":false},"author":2,"featured_media":65621,"comment_status":"open","ping_status":"open","sticky":false,"template":"","format":"standard","meta":{"tdm_status":"","tdm_grid_status":"","_joinchat":[],"footnotes":""},"categories":[59],"tags":[],"class_list":{"0":"post-65620","1":"post","2":"type-post","3":"status-publish","4":"format-standard","5":"has-post-thumbnail","7":"category-politica"},"amp_enabled":true,"_links":{"self":[{"href":"https:\/\/www.todoeldia.com\/index.php\/wp-json\/wp\/v2\/posts\/65620","targetHints":{"allow":["GET"]}}],"collection":[{"href":"https:\/\/www.todoeldia.com\/index.php\/wp-json\/wp\/v2\/posts"}],"about":[{"href":"https:\/\/www.todoeldia.com\/index.php\/wp-json\/wp\/v2\/types\/post"}],"author":[{"embeddable":true,"href":"https:\/\/www.todoeldia.com\/index.php\/wp-json\/wp\/v2\/users\/2"}],"replies":[{"embeddable":true,"href":"https:\/\/www.todoeldia.com\/index.php\/wp-json\/wp\/v2\/comments?post=65620"}],"version-history":[{"count":2,"href":"https:\/\/www.todoeldia.com\/index.php\/wp-json\/wp\/v2\/posts\/65620\/revisions"}],"predecessor-version":[{"id":65624,"href":"https:\/\/www.todoeldia.com\/index.php\/wp-json\/wp\/v2\/posts\/65620\/revisions\/65624"}],"wp:featuredmedia":[{"embeddable":true,"href":"https:\/\/www.todoeldia.com\/index.php\/wp-json\/wp\/v2\/media\/65621"}],"wp:attachment":[{"href":"https:\/\/www.todoeldia.com\/index.php\/wp-json\/wp\/v2\/media?parent=65620"}],"wp:term":[{"taxonomy":"category","embeddable":true,"href":"https:\/\/www.todoeldia.com\/index.php\/wp-json\/wp\/v2\/categories?post=65620"},{"taxonomy":"post_tag","embeddable":true,"href":"https:\/\/www.todoeldia.com\/index.php\/wp-json\/wp\/v2\/tags?post=65620"}],"curies":[{"name":"wp","href":"https:\/\/api.w.org\/{rel}","templated":true}]}}