{"id":65625,"date":"2023-10-02T00:28:02","date_gmt":"2023-10-02T03:28:02","guid":{"rendered":"https:\/\/www.todoeldia.com\/?p=65625"},"modified":"2023-10-02T00:28:05","modified_gmt":"2023-10-02T03:28:05","slug":"el-rating-de-la-television-de-aire-y-del-cable-durante-el-primer-debate-presidencial","status":"publish","type":"post","link":"https:\/\/www.todoeldia.com\/index.php\/2023\/10\/02\/el-rating-de-la-television-de-aire-y-del-cable-durante-el-primer-debate-presidencial\/","title":{"rendered":"El rating de la televisi\u00f3n de aire y del cable durante el primer debate presidencial"},"content":{"rendered":"\n<p>Los canales y las se\u00f1ales de noticias transmitieron las propuestas de los candidatos desde Santiago del Estero.<\/p>\n\n\n\n<p>A tres semanas de las elecciones presidenciales, el primer debate entre los cinco candidatos se llev\u00f3 el gran encendido televisivo del domingo por la noche. Sergio Massa (Uni\u00f3n por la Patria-UxP), Javier Milei (La libertad Avanza-LLA), Patricia Bullrich (Juntos por el Cambio-JxC), Myriam Bregman (Frente de Izquierda Unidad FIT-U) y Juan Schiaretti (Hacemos por Nuestro Pa\u00eds) coincidieron en el Centro de Convenciones Provincial Forum de Santiago del Estero, en un encuentro que repetir\u00e1n el pr\u00f3ximo domingo en la Facultad de Derecho de la Universidad de Buenos Aires.<\/p>\n\n\n\n<p>De acuerdo a lo precisado por la C\u00e1mara Nacional Electoral, el debate se transmiti\u00f3 en directo por todos los medios pertenecientes a Radio y Televisi\u00f3n Argentina Sociedad del Estado, y sus se\u00f1ales fueron puestas a disposici\u00f3n de todos los medios p\u00fablicos y privados que desearan transmitirlo. En tiempos de la comunicaci\u00f3n segmentada, las alternativas del debate se siguieron por varias plataformas.<\/p>\n\n\n\n<p>A los medios de comunicaci\u00f3n tradicionales -los canales de televisi\u00f3n de aire y los de noticias de cable-, se le sumaron las plataformas digitales y las redes sociales, con diferentes estrategias comunicacionales. Y en lo que respecta al encendido, las mediciones marcaron un global con picos superiores a los 42 puntos, y unos cuantos datos interesantes para analizar.<\/p>\n\n\n\n<p>A la hora de inicio, las se\u00f1ales de televisi\u00f3n superaban los 31 puntos de rating. En los de aire, lideraba El Trece con 6, seguido por la TV P\u00fablica con 3,3 y Am\u00e9rica con 1,8. En cable, la puja se daba entre TN, C5N y A24, superando ambos los 5 puntos, mientras que LN+ promediaba entre los 4 y Cr\u00f3nica 1.5, entre las m\u00e1s destacadas.<\/p>\n","protected":false},"excerpt":{"rendered":"<p>Los canales y las se\u00f1ales de noticias transmitieron las propuestas de los candidatos desde Santiago del Estero. A tres semanas de las elecciones presidenciales, el primer debate entre los cinco candidatos se llev\u00f3 el gran encendido televisivo del domingo por la noche. Sergio Massa (Uni\u00f3n por la Patria-UxP), Javier Milei (La libertad Avanza-LLA), Patricia Bullrich [&hellip;]<\/p>\n","protected":false},"author":2,"featured_media":65626,"comment_status":"open","ping_status":"open","sticky":false,"template":"","format":"standard","meta":{"tdm_status":"","tdm_grid_status":"","_joinchat":[],"footnotes":""},"categories":[59],"tags":[],"class_list":{"0":"post-65625","1":"post","2":"type-post","3":"status-publish","4":"format-standard","5":"has-post-thumbnail","7":"category-politica"},"amp_enabled":true,"_links":{"self":[{"href":"https:\/\/www.todoeldia.com\/index.php\/wp-json\/wp\/v2\/posts\/65625","targetHints":{"allow":["GET"]}}],"collection":[{"href":"https:\/\/www.todoeldia.com\/index.php\/wp-json\/wp\/v2\/posts"}],"about":[{"href":"https:\/\/www.todoeldia.com\/index.php\/wp-json\/wp\/v2\/types\/post"}],"author":[{"embeddable":true,"href":"https:\/\/www.todoeldia.com\/index.php\/wp-json\/wp\/v2\/users\/2"}],"replies":[{"embeddable":true,"href":"https:\/\/www.todoeldia.com\/index.php\/wp-json\/wp\/v2\/comments?post=65625"}],"version-history":[{"count":1,"href":"https:\/\/www.todoeldia.com\/index.php\/wp-json\/wp\/v2\/posts\/65625\/revisions"}],"predecessor-version":[{"id":65627,"href":"https:\/\/www.todoeldia.com\/index.php\/wp-json\/wp\/v2\/posts\/65625\/revisions\/65627"}],"wp:featuredmedia":[{"embeddable":true,"href":"https:\/\/www.todoeldia.com\/index.php\/wp-json\/wp\/v2\/media\/65626"}],"wp:attachment":[{"href":"https:\/\/www.todoeldia.com\/index.php\/wp-json\/wp\/v2\/media?parent=65625"}],"wp:term":[{"taxonomy":"category","embeddable":true,"href":"https:\/\/www.todoeldia.com\/index.php\/wp-json\/wp\/v2\/categories?post=65625"},{"taxonomy":"post_tag","embeddable":true,"href":"https:\/\/www.todoeldia.com\/index.php\/wp-json\/wp\/v2\/tags?post=65625"}],"curies":[{"name":"wp","href":"https:\/\/api.w.org\/{rel}","templated":true}]}}