{"id":65628,"date":"2023-10-02T10:02:24","date_gmt":"2023-10-02T13:02:24","guid":{"rendered":"https:\/\/www.todoeldia.com\/?p=65628"},"modified":"2023-10-02T10:02:26","modified_gmt":"2023-10-02T13:02:26","slug":"la-carcel-de-guemes-ya-quedo-chica-tiene-capacidad-para-288-hombres-pero-hay-412","status":"publish","type":"post","link":"https:\/\/www.todoeldia.com\/index.php\/2023\/10\/02\/la-carcel-de-guemes-ya-quedo-chica-tiene-capacidad-para-288-hombres-pero-hay-412\/","title":{"rendered":"La c\u00e1rcel de G\u00fcemes ya qued\u00f3 chica: tiene capacidad para 288 hombres, pero hay 412"},"content":{"rendered":"\n<p>Construido con una capacidad de 288 plazas, ahora alberga 412 reclusos, de los cuales 92 no pertenecen a la jurisdicci\u00f3n. Adem\u00e1s de problemas en materia de cupos, el fiscal general Eduardo Villalba puso de relieve el desarraigo que sufren los reclusos trasladados.<\/p>\n\n\n\n<p>Como resultado de una visita realizada este martes por un equipo de trabajo de la Unidad Fiscal Salta al Complejo Penitenciario Federal NOA III, en el marco del art\u00edculo 20 de la Ley Org\u00e1nica del Ministerio P\u00fablico Fiscal, el fiscal general Eduardo Jos\u00e9 Villalba advirti\u00f3 sobre distintos problemas en esa unidad carcelaria.<\/p>\n\n\n\n<p>\u201cLa principal y mayor preocupaci\u00f3n tiene que ver con el nivel de respuesta en materia de alojamiento, lo que ya comenz\u00f3 a hacerse sentir. Hasta hace unos meses atr\u00e1s, gestionar cupos para los detenidos, en su mayor\u00eda por conflictos con la ley de drogas, no era un inconveniente, pero desde hace unos d\u00edas, eso cambi\u00f3 y ahora se torna dificultoso\u201d, sostuvo.<\/p>\n\n\n\n<figure class=\"wp-block-image size-full\"><img loading=\"lazy\" decoding=\"async\" width=\"921\" height=\"614\" src=\"https:\/\/www.todoeldia.com\/wp-content\/uploads\/2023\/10\/image-8.png\" alt=\"\" class=\"wp-image-65630\" srcset=\"https:\/\/www.todoeldia.com\/wp-content\/uploads\/2023\/10\/image-8.png 921w, https:\/\/www.todoeldia.com\/wp-content\/uploads\/2023\/10\/image-8-300x200.png 300w, https:\/\/www.todoeldia.com\/wp-content\/uploads\/2023\/10\/image-8-768x512.png 768w, https:\/\/www.todoeldia.com\/wp-content\/uploads\/2023\/10\/image-8-696x464.png 696w, https:\/\/www.todoeldia.com\/wp-content\/uploads\/2023\/10\/image-8-630x420.png 630w\" sizes=\"auto, (max-width: 921px) 100vw, 921px\" \/><\/figure>\n\n\n\n<p>El fiscal declar\u00f3 que \u201cfue atinado haber realizado ahora esta visita, para lo cual se conform\u00f3 un equipo de trabajo de las distintas \u00e1reas especializadas, tanto de la unidad de Salta como de Jujuy\u201d.<\/p>\n\n\n\n<p>Al respecto, resalt\u00f3 que tanto la ley org\u00e1nica del MPF como la Resoluci\u00f3n PGN N\u00b035\/2019 establecen \u201cla visita peri\u00f3dica a las c\u00e1rceles y otros lugares de detenci\u00f3n, transitoria o permanente, para tomar conocimiento y controlar la situaci\u00f3n de las personas all\u00ed alojadas, promover o aconsejar medidas tendientes a la correcci\u00f3n del sistema penitenciario y dar cumplimiento a lo dispuesto en el art\u00edculo 18 de la Constituci\u00f3n Nacional y los instrumentos internacionales de derechos humanos\u201d.<\/p>\n\n\n\n<p>En funci\u00f3n de ello, la fiscal\u00eda visit\u00f3 el Complejo Penitenciario Federal NOA III y el Instituto Penitenciario Federal de Salta (Unidad 16), a fin de constatar las condiciones generales de los establecimientos y de su poblaci\u00f3n.<\/p>\n\n\n\n<figure class=\"wp-block-image size-full\"><img loading=\"lazy\" decoding=\"async\" width=\"921\" height=\"614\" src=\"https:\/\/www.todoeldia.com\/wp-content\/uploads\/2023\/10\/image-9.png\" alt=\"\" class=\"wp-image-65631\" srcset=\"https:\/\/www.todoeldia.com\/wp-content\/uploads\/2023\/10\/image-9.png 921w, https:\/\/www.todoeldia.com\/wp-content\/uploads\/2023\/10\/image-9-300x200.png 300w, https:\/\/www.todoeldia.com\/wp-content\/uploads\/2023\/10\/image-9-768x512.png 768w, https:\/\/www.todoeldia.com\/wp-content\/uploads\/2023\/10\/image-9-696x464.png 696w, https:\/\/www.todoeldia.com\/wp-content\/uploads\/2023\/10\/image-9-630x420.png 630w\" sizes=\"auto, (max-width: 921px) 100vw, 921px\" \/><\/figure>\n\n\n\n<p><strong>Se constat\u00f3 que los sanitarios no estaban en condiciones adecuadas. La imagen muestra el recinto inundado <\/strong><\/p>\n\n\n\n<p>Durante la visita, el equipo de trabajo del MPF pudo advertir serios inconvenientes en el Complejo NOA III, inaugurado el 27 de julio de 2011 en la localidad de General G\u00fcemes. En su inicio, la unidad pose\u00eda una capacidad de 200 plazas para mujeres y 288 para varones.<\/p>\n\n\n\n<p>Sin embargo, el Sector Masculino se vio superado, puesto que actualmente aloja un total de 412 internos, de los cuales 92 fueron trasladados en los \u00faltimos meses desde otras jurisdicciones, en su mayor\u00eda de los penales de la ciudad de Posadas, Misiones; de Tucum\u00e1n; y de las unidades del partido de San Mart\u00edn, provincia de Buenos Aires, y de la Ciudad Aut\u00f3noma de Buenos Aires.<\/p>\n\n\n\n<figure class=\"wp-block-image size-full\"><img loading=\"lazy\" decoding=\"async\" width=\"921\" height=\"614\" src=\"https:\/\/www.todoeldia.com\/wp-content\/uploads\/2023\/10\/image-10.png\" alt=\"\" class=\"wp-image-65632\" srcset=\"https:\/\/www.todoeldia.com\/wp-content\/uploads\/2023\/10\/image-10.png 921w, https:\/\/www.todoeldia.com\/wp-content\/uploads\/2023\/10\/image-10-300x200.png 300w, https:\/\/www.todoeldia.com\/wp-content\/uploads\/2023\/10\/image-10-768x512.png 768w, https:\/\/www.todoeldia.com\/wp-content\/uploads\/2023\/10\/image-10-696x464.png 696w, https:\/\/www.todoeldia.com\/wp-content\/uploads\/2023\/10\/image-10-630x420.png 630w\" sizes=\"auto, (max-width: 921px) 100vw, 921px\" \/><\/figure>\n\n\n\n<p><strong>En el Sector Femenino se registran 89 internas, de las cuales 20 no son de la jurisdicci\u00f3n.\u00a0<\/strong><\/p>\n\n\n\n<p>En menor proporci\u00f3n, hay otros reclusos derivados de Santiago del Estero, Rosario, Santa Fe, C\u00f3rdoba, Mendoza, Concepci\u00f3n del Uruguay, Resistencia y Formosa, entre las c\u00e1rceles m\u00e1s cercanas, a lo que se suman otros provenientes de penales alejados, como Comodoro Rivadavia, Mar del Plata y San Juan.<\/p>\n\n\n\n<p>Pudo establecerse que el 22 % de las plazas est\u00e1n ocupadas con internos cuyo alojamiento no corresponde. En el caso de las mujeres, ese promedio es similar, de 23 %, al igual que el registro total del complejo penitenciario.<\/p>\n\n\n\n<p>Los problemas en el sistema el\u00e9ctrico, la falta de colchones, el mal estado de los ba\u00f1os y la falta de ventilaci\u00f3n.<\/p>\n\n\n\n<p>En el Sector Femenino se registran 89 internas, de las cuales 20 no son de la jurisdicci\u00f3n; en su mayor\u00eda, en este caso, del penal de Posadas. Sin embargo, la capacidad de alojamiento, de 200 plazas, a\u00fan no se vio superada.<\/p>\n\n\n\n<p>En cuanto a la situaci\u00f3n de los reclusos y reclusas que llegaron de otras jurisdicciones, del total de hombres y mujeres, 59 est\u00e1n con condenas, mientras que el resto (53) se hallan procesados. \u201cM\u00e1s all\u00e1 de los problemas de alojamiento que esta superpoblaci\u00f3n causa, existen otros m\u00e1s, como los referidos a la alimentaci\u00f3n, asistencia de salud, actividades de trabajo y capacitaci\u00f3n\u201d, agreg\u00f3 el fiscal general.<\/p>\n\n\n\n<p>Deterioro<\/p>\n\n\n\n<p>Por otra parte, el equipo de trabajo pudo observar durante la inspecci\u00f3n un deterioro general en los pabellones, situaci\u00f3n que tambi\u00e9n fue puesta de manifiesto por los propios internos. Los reclamos coincidieron principalmente en la falta de colchones, el mal estado de algunos de los ba\u00f1os y la falta de ventilaci\u00f3n, debido a que los extractores de los pabellones no funcionan.<\/p>\n\n\n\n<figure class=\"wp-block-image size-full\"><img loading=\"lazy\" decoding=\"async\" width=\"921\" height=\"614\" src=\"https:\/\/www.todoeldia.com\/wp-content\/uploads\/2023\/10\/image-11.png\" alt=\"\" class=\"wp-image-65633\" srcset=\"https:\/\/www.todoeldia.com\/wp-content\/uploads\/2023\/10\/image-11.png 921w, https:\/\/www.todoeldia.com\/wp-content\/uploads\/2023\/10\/image-11-300x200.png 300w, https:\/\/www.todoeldia.com\/wp-content\/uploads\/2023\/10\/image-11-768x512.png 768w, https:\/\/www.todoeldia.com\/wp-content\/uploads\/2023\/10\/image-11-696x464.png 696w, https:\/\/www.todoeldia.com\/wp-content\/uploads\/2023\/10\/image-11-630x420.png 630w\" sizes=\"auto, (max-width: 921px) 100vw, 921px\" \/><\/figure>\n\n\n\n<p>Tambi\u00e9n se advirti\u00f3 falta de energ\u00eda el\u00e9ctrica en algunas celdas, situaci\u00f3n provocada por el mal funcionamiento del sistema, lo que en ocasiones es solucionado por los propios reclusos mediante conexiones \u201ccaseras\u201d que carecen de toda medida de seguridad. Se registraron, adem\u00e1s, quejas por la presencia de un gran n\u00famero de palomas en el interior de los pabellones, dado que podr\u00edan generar problemas de salud.<\/p>\n\n\n\n<p>Mediante entrevistas personales, la fiscal\u00eda recibi\u00f3 reclamos de reclusos y reclusas, quienes en su mayor\u00eda denunciaron deficiencias en la atenci\u00f3n m\u00e9dica, con especial \u00e9nfasis en la supuesta carencia de recursos y la demora en la asignaci\u00f3n de turnos tanto dentro del Complejo como extramuros.<\/p>\n\n\n\n<p>Por otra parte, la fiscal\u00eda constat\u00f3 que en los penales se realizan diversos talleres de capacitaci\u00f3n, al igual que la existencia de un convenio entre el establecimiento penitenciario y la Universidad Nacional de Salta, mediante el cual se permite cursar en modalidad virtual carreras de grado y cursos breves; y la vigencia de ofertas de cursos de capacitaci\u00f3n con salida laboral, como por ejemplo peluquer\u00eda, maestro pizzero, panader\u00eda, marroquiner\u00eda, entre otros, y recreacionales, como folclore. En este punto se destac\u00f3 la buena condici\u00f3n de los talleres de herrer\u00eda, carpinter\u00eda, fabricaci\u00f3n de bloques de cemento, textil y de la panader\u00eda.<\/p>\n","protected":false},"excerpt":{"rendered":"<p>Construido con una capacidad de 288 plazas, ahora alberga 412 reclusos, de los cuales 92 no pertenecen a la jurisdicci\u00f3n. Adem\u00e1s de problemas en materia de cupos, el fiscal general Eduardo Villalba puso de relieve el desarraigo que sufren los reclusos trasladados. Como resultado de una visita realizada este martes por un equipo de trabajo [&hellip;]<\/p>\n","protected":false},"author":2,"featured_media":65629,"comment_status":"open","ping_status":"open","sticky":false,"template":"","format":"standard","meta":{"tdm_status":"","tdm_grid_status":"","_joinchat":[],"footnotes":""},"categories":[63],"tags":[],"class_list":{"0":"post-65628","1":"post","2":"type-post","3":"status-publish","4":"format-standard","5":"has-post-thumbnail","7":"category-policiales"},"amp_enabled":true,"_links":{"self":[{"href":"https:\/\/www.todoeldia.com\/index.php\/wp-json\/wp\/v2\/posts\/65628","targetHints":{"allow":["GET"]}}],"collection":[{"href":"https:\/\/www.todoeldia.com\/index.php\/wp-json\/wp\/v2\/posts"}],"about":[{"href":"https:\/\/www.todoeldia.com\/index.php\/wp-json\/wp\/v2\/types\/post"}],"author":[{"embeddable":true,"href":"https:\/\/www.todoeldia.com\/index.php\/wp-json\/wp\/v2\/users\/2"}],"replies":[{"embeddable":true,"href":"https:\/\/www.todoeldia.com\/index.php\/wp-json\/wp\/v2\/comments?post=65628"}],"version-history":[{"count":1,"href":"https:\/\/www.todoeldia.com\/index.php\/wp-json\/wp\/v2\/posts\/65628\/revisions"}],"predecessor-version":[{"id":65634,"href":"https:\/\/www.todoeldia.com\/index.php\/wp-json\/wp\/v2\/posts\/65628\/revisions\/65634"}],"wp:featuredmedia":[{"embeddable":true,"href":"https:\/\/www.todoeldia.com\/index.php\/wp-json\/wp\/v2\/media\/65629"}],"wp:attachment":[{"href":"https:\/\/www.todoeldia.com\/index.php\/wp-json\/wp\/v2\/media?parent=65628"}],"wp:term":[{"taxonomy":"category","embeddable":true,"href":"https:\/\/www.todoeldia.com\/index.php\/wp-json\/wp\/v2\/categories?post=65628"},{"taxonomy":"post_tag","embeddable":true,"href":"https:\/\/www.todoeldia.com\/index.php\/wp-json\/wp\/v2\/tags?post=65628"}],"curies":[{"name":"wp","href":"https:\/\/api.w.org\/{rel}","templated":true}]}}